{"id":135710,"date":"2024-03-09T21:40:55","date_gmt":"2024-03-10T00:40:55","guid":{"rendered":"https:\/\/centraldeportes.com.ar\/?p=48189"},"modified":"2025-02-12T23:40:37","modified_gmt":"2025-02-13T02:40:37","slug":"torneo-federal-el-independiente-de-la-pampa-gano-y-el-de-tandil-volvio-a-perder","status":"publish","type":"post","link":"https:\/\/cdnoticias.com\/index.php\/2024\/03\/09\/torneo-federal-el-independiente-de-la-pampa-gano-y-el-de-tandil-volvio-a-perder\/","title":{"rendered":"Liga Federal: el Independiente de La Pampa gan\u00f3 y el de Tandil volvi\u00f3 a perder"},"content":{"rendered":"<p>Triple presencia olavarriense tuvo la continuidad de la Liga Federal en la noche del viernes, pero solamente festej\u00f3 uno.<!--more--><\/p>\n<hr \/>\n<p>La Regi\u00f3n Sudeste A tuvo partidos programados en la provincia de La Pampa y en diferentes escenarios se presentaron Mat\u00edas Sesto, Ariel Weisbeck y Gast\u00f3n Di Salvo que jug\u00f3 su primer partido de la temporada.<\/p>\n<p>&nbsp;<\/p>\n<p>Sportivo Independiente venci\u00f3 73 a 68 a Quilmes en su estreno en condici\u00f3n de local y sum\u00f3 su segundo festejo de la temporada. Mat\u00edas Sesto complet\u00f3 30:17 minutos en cancha con 8 puntos, 1 rebote, 2 asistencias y 2 recuperos.<\/p>\n<p>&nbsp;<\/p>\n<p>Por otro lado, cerrando la gira, se volvi\u00f3 a presentar Independiente de Tandil y sufri\u00f3 su tercera derrota consecutiva. Fue 56 a 50 ante All Boys y sigue sin ganar.<\/p>\n<p>&nbsp;<\/p>\n<p>Ariel Weisbeck anot\u00f3 15 puntos, tom\u00f3 6 rebotes, dio 2 asistencias y recuper\u00f3 una pelota en 31:54 minutos y se produjo el debut de Gast\u00f3n Di Salvo que agarr\u00f3 2 rebotes y dio un pase gol en 7:27.<\/p>\n","protected":false},"excerpt":{"rendered":"<p>Triple presencia olavarriense tuvo la continuidad de la Liga Federal en la noche del viernes, pero solamente festej\u00f3 uno.<\/p>\n","protected":false},"author":96739694,"featured_media":160009,"comment_status":"closed","ping_status":"closed","sticky":false,"template":"","format":"standard","meta":{"_jetpack_memberships_contains_paid_content":false,"footnotes":""},"categories":[31,1,57],"tags":[],"class_list":["post-135710","post","type-post","status-publish","format-standard","has-post-thumbnail","hentry","category-basquet","category-portada","category-torneo-federal"],"jetpack_featured_media_url":"https:\/\/i0.wp.com\/cdnoticias.com\/wp-content\/uploads\/2024\/03\/rojinegrobasquetbol_1709954375_3319660366156706191_5855838584-e1710031231926.jpg?fit=719%2C436&ssl=1","jetpack_sharing_enabled":true,"_links":{"self":[{"href":"https:\/\/cdnoticias.com\/index.php\/wp-json\/wp\/v2\/posts\/135710","targetHints":{"allow":["GET"]}}],"collection":[{"href":"https:\/\/cdnoticias.com\/index.php\/wp-json\/wp\/v2\/posts"}],"about":[{"href":"https:\/\/cdnoticias.com\/index.php\/wp-json\/wp\/v2\/types\/post"}],"author":[{"embeddable":true,"href":"https:\/\/cdnoticias.com\/index.php\/wp-json\/wp\/v2\/users\/96739694"}],"replies":[{"embeddable":true,"href":"https:\/\/cdnoticias.com\/index.php\/wp-json\/wp\/v2\/comments?post=135710"}],"version-history":[{"count":0,"href":"https:\/\/cdnoticias.com\/index.php\/wp-json\/wp\/v2\/posts\/135710\/revisions"}],"wp:featuredmedia":[{"embeddable":true,"href":"https:\/\/cdnoticias.com\/index.php\/wp-json\/wp\/v2\/media\/160009"}],"wp:attachment":[{"href":"https:\/\/cdnoticias.com\/index.php\/wp-json\/wp\/v2\/media?parent=135710"}],"wp:term":[{"taxonomy":"category","embeddable":true,"href":"https:\/\/cdnoticias.com\/index.php\/wp-json\/wp\/v2\/categories?post=135710"},{"taxonomy":"post_tag","embeddable":true,"href":"https:\/\/cdnoticias.com\/index.php\/wp-json\/wp\/v2\/tags?post=135710"}],"curies":[{"name":"wp","href":"https:\/\/api.w.org\/{rel}","templated":true}]}}