{"id":135699,"date":"2024-03-09T00:02:23","date_gmt":"2024-03-09T03:02:23","guid":{"rendered":"https:\/\/centraldeportes.com.ar\/?p=48149"},"modified":"2025-02-12T23:38:59","modified_gmt":"2025-02-13T02:38:59","slug":"veteranos-arranca-el-torneo-apertura","status":"publish","type":"post","link":"https:\/\/cdnoticias.com\/index.php\/2024\/03\/09\/veteranos-arranca-el-torneo-apertura\/","title":{"rendered":"Veteranos: arranca el Torneo Apertura"},"content":{"rendered":"<p>Este viernes se realiz\u00f3 el lanzamiento del Torneo Apertura para las tres categor\u00edas de Veteranos organizado por la Liga de F\u00fatbol S\u00e9nior de Olavarr\u00eda. La competencia arranca el s\u00e1bado.<!--more--><\/p>\n<hr \/>\n<p>Se acab\u00f3 la espera en Veteranos y se pone en marcha la tradicional competencia de Veteranos con el comienzo del Torneo Apertura en Mayores de 42, +50 y +56 en diferentes escenarios.<\/p>\n<p>&nbsp;<\/p>\n<p>Para este primer certamen del 2024, se jugar\u00e1 la \u201cCopa Jos\u00e9 Maceo\u201d en la divisional mayor, en +50 estar\u00e1 en juego la \u201cCopa Liga S\u00e9nior de Olavarr\u00eda\u201d haciendo honor a la categor\u00eda m\u00e1s legendaria del futbol de veteranos de nuestra ciudad y en la categor\u00eda menor se jugar\u00e1 la \u201cCopa Pe\u00f1a Ciudad de Olavarr\u00eda\u201d por el 30\u00b0 aniversario de la entidad boquense.<\/p>\n<p>&nbsp;<\/p>\n<div class=\"tiled-gallery type-rectangular tiled-gallery-unresized\" data-original-width=\"800\" data-carousel-extra='null' itemscope itemtype=\"http:\/\/schema.org\/ImageGallery\" > <div class=\"gallery-row\" style=\"width: 800px; height: 601px;\" data-original-width=\"800\" data-original-height=\"601\" > <div class=\"gallery-group images-1\" style=\"width: 800px; height: 601px;\" data-original-width=\"800\" data-original-height=\"601\" > <div class=\"tiled-gallery-item tiled-gallery-item-large\" itemprop=\"associatedMedia\" itemscope itemtype=\"http:\/\/schema.org\/ImageObject\"> <a href=\"https:\/\/i0.wp.com\/cdnoticias.com\/wp-content\/uploads\/2022\/03\/WhatsApp-Image-2022-03-05-at-09.45.59.jpeg?ssl=1\" border=\"0\" itemprop=\"url\"> <meta itemprop=\"width\" content=\"796\"> <meta itemprop=\"height\" content=\"597\"> <img decoding=\"async\" class=\"\" data-attachment-id=\"48147\" data-orig-file=\"https:\/\/cdnoticias.com\/wp-content\/uploads\/2022\/03\/WhatsApp-Image-2022-03-05-at-09.45.59.jpeg\" data-orig-size=\"1152,864\" data-comments-opened=\"\" data-image-meta=\"{&quot;aperture&quot;:&quot;0&quot;,&quot;credit&quot;:&quot;&quot;,&quot;camera&quot;:&quot;&quot;,&quot;caption&quot;:&quot;&quot;,&quot;created_timestamp&quot;:&quot;0&quot;,&quot;copyright&quot;:&quot;&quot;,&quot;focal_length&quot;:&quot;0&quot;,&quot;iso&quot;:&quot;0&quot;,&quot;shutter_speed&quot;:&quot;0&quot;,&quot;title&quot;:&quot;&quot;,&quot;orientation&quot;:&quot;0&quot;}\" data-image-title=\"WhatsApp Image 2022-03-05 at 09.45.59\" data-image-description=\"\" data-medium-file=\"https:\/\/i0.wp.com\/cdnoticias.com\/wp-content\/uploads\/2022\/03\/WhatsApp-Image-2022-03-05-at-09.45.59.jpeg?fit=300%2C225&#038;ssl=1\" data-large-file=\"https:\/\/i0.wp.com\/cdnoticias.com\/wp-content\/uploads\/2022\/03\/WhatsApp-Image-2022-03-05-at-09.45.59.jpeg?fit=800%2C600&#038;ssl=1\" src=\"https:\/\/i0.wp.com\/cdnoticias.com\/wp-content\/uploads\/2022\/03\/WhatsApp-Image-2022-03-05-at-09.45.59.jpeg?w=796&#038;h=597&#038;ssl=1\" srcset=\"https:\/\/i0.wp.com\/cdnoticias.com\/wp-content\/uploads\/2022\/03\/WhatsApp-Image-2022-03-05-at-09.45.59.jpeg?w=1152&amp;ssl=1 1152w, https:\/\/i0.wp.com\/cdnoticias.com\/wp-content\/uploads\/2022\/03\/WhatsApp-Image-2022-03-05-at-09.45.59.jpeg?resize=300%2C225&amp;ssl=1 300w, https:\/\/i0.wp.com\/cdnoticias.com\/wp-content\/uploads\/2022\/03\/WhatsApp-Image-2022-03-05-at-09.45.59.jpeg?resize=1024%2C768&amp;ssl=1 1024w, https:\/\/i0.wp.com\/cdnoticias.com\/wp-content\/uploads\/2022\/03\/WhatsApp-Image-2022-03-05-at-09.45.59.jpeg?resize=768%2C576&amp;ssl=1 768w\" width=\"796\" height=\"597\" loading=\"lazy\" data-original-width=\"796\" data-original-height=\"597\" itemprop=\"http:\/\/schema.org\/image\" title=\"WhatsApp Image 2022-03-05 at 09.45.59\" alt=\"WhatsApp Image 2022-03-05 at 09.45.59\" style=\"width: 796px; height: 597px;\" \/> <\/a> <\/div> <\/div> <!-- close group --> <\/div> <!-- close row --> <\/div>\n<p>&nbsp;<\/p>\n<p>Ser\u00e1n 38 equipos divididos que se enfrentar\u00e1n en el formato todos contra todos con nuevas incorporaciones de entidades participantes y el laureado esfuerzo de La Candela y Ferro que dir\u00e1n presente en todas las divisionales.<\/p>\n<p>&nbsp;<\/p>\n<p>La programaci\u00f3n:<\/p>\n<p>Cancha La Candela:<br \/>\n14:15 hs.: La Candela \u2013 Santa Luisa (+42)<br \/>\n15:45hs.: Loma Negra \u2013 Hinojo (+42)<br \/>\n17:15 hs.: Ferro \u2013 Le\u00f3n Serrano (+42)<\/p>\n<p>Cancha 1 El Indio:<br \/>\n14:30 hs.: Deportivo Fran \u2013 Molino Viejo (+42)<br \/>\n16:00 hs.: El Provincial \u2013 Deportivo Olavarr\u00eda (+42)<\/p>\n<p>Cancha 3 El Indio:<br \/>\n14:30 hs.: Pe\u00f1a de Boca \u2013 Villa Aurora (+42)<br \/>\n16:00 hs.: Mariano Moreno \u2013 Sociedad de Fomento Mariano Moreno (+42)<\/p>\n<p>Cancha Ferrosur:<br \/>\n14:15 hs.: Agrupaci\u00f3n Malvinas \u2013 Ferro (+50)<br \/>\n15:45hs.: Ferrosur \u2013 Ferroviarios (+50)<br \/>\n17:15 hs.: Mariano Moreno \u2013 Espigas (+56)<\/p>\n<p>Cancha Pueblo Nuevo:<br \/>\n14:15 hs.: Espigas \u2013 Pinturer\u00edas Del Centro (+50)<br \/>\n15:45hs.: La Candela \u2013 Hinojo (+56)<br \/>\n17:15 hs.: Pueblo Nuevo \u2013 La Tradici\u00f3n (+56)<\/p>\n<p>Cancha Independiente:<br \/>\n14:00 hs.: Pueyrred\u00f3n \u2013 Carboneros (+50)<br \/>\n15:45 hs.: El Fort\u00edn \u2013 La Amistad (+56)<br \/>\n17:15 hs.: Independiente Loma Negra \u2013 Ferro (+56)<\/p>\n<p>Cancha El Danubio:<br \/>\n14:30 hs.: Candia Consignatarios \u2013 Independiente de Chillar (+50)<br \/>\n16:00 hs.: Los Robles \u2013 Camioneros (+50)<\/p>\n<p>Libres: El Fort\u00edn (+42) y La Candela (+50)<\/p>\n<p>&nbsp;<\/p>\n","protected":false},"excerpt":{"rendered":"<p>Este viernes se realiz\u00f3 el lanzamiento del Torneo Apertura para las tres categor\u00edas de Veteranos organizado por la Liga de<\/p>\n","protected":false},"author":96739694,"featured_media":159912,"comment_status":"closed","ping_status":"closed","sticky":false,"template":"","format":"standard","meta":{"_jetpack_memberships_contains_paid_content":false,"footnotes":""},"categories":[35,1,50],"tags":[],"class_list":["post-135699","post","type-post","status-publish","format-standard","has-post-thumbnail","hentry","category-futbol","category-portada","category-veteranos"],"jetpack_featured_media_url":"https:\/\/i0.wp.com\/cdnoticias.com\/wp-content\/uploads\/2024\/03\/Veteranos-1.jpg?fit=1280%2C853&ssl=1","jetpack_sharing_enabled":true,"_links":{"self":[{"href":"https:\/\/cdnoticias.com\/index.php\/wp-json\/wp\/v2\/posts\/135699","targetHints":{"allow":["GET"]}}],"collection":[{"href":"https:\/\/cdnoticias.com\/index.php\/wp-json\/wp\/v2\/posts"}],"about":[{"href":"https:\/\/cdnoticias.com\/index.php\/wp-json\/wp\/v2\/types\/post"}],"author":[{"embeddable":true,"href":"https:\/\/cdnoticias.com\/index.php\/wp-json\/wp\/v2\/users\/96739694"}],"replies":[{"embeddable":true,"href":"https:\/\/cdnoticias.com\/index.php\/wp-json\/wp\/v2\/comments?post=135699"}],"version-history":[{"count":0,"href":"https:\/\/cdnoticias.com\/index.php\/wp-json\/wp\/v2\/posts\/135699\/revisions"}],"wp:featuredmedia":[{"embeddable":true,"href":"https:\/\/cdnoticias.com\/index.php\/wp-json\/wp\/v2\/media\/159912"}],"wp:attachment":[{"href":"https:\/\/cdnoticias.com\/index.php\/wp-json\/wp\/v2\/media?parent=135699"}],"wp:term":[{"taxonomy":"category","embeddable":true,"href":"https:\/\/cdnoticias.com\/index.php\/wp-json\/wp\/v2\/categories?post=135699"},{"taxonomy":"post_tag","embeddable":true,"href":"https:\/\/cdnoticias.com\/index.php\/wp-json\/wp\/v2\/tags?post=135699"}],"curies":[{"name":"wp","href":"https:\/\/api.w.org\/{rel}","templated":true}]}}