{"id":135697,"date":"2024-03-08T18:08:12","date_gmt":"2024-03-08T21:08:12","guid":{"rendered":"https:\/\/centraldeportes.com.ar\/?p=48135"},"modified":"2025-02-12T23:39:02","modified_gmt":"2025-02-13T02:39:02","slug":"liga-federal-mateo-macrini-le-dio-la-cuarta-victoria-a-el-talar","status":"publish","type":"post","link":"https:\/\/cdnoticias.com\/index.php\/2024\/03\/08\/liga-federal-mateo-macrini-le-dio-la-cuarta-victoria-a-el-talar\/","title":{"rendered":"Liga Federal: Mateo Macrini le dio la cuarta victoria a El Talar"},"content":{"rendered":"<p>En la noche del jueves se complet\u00f3 una nueva jornada de Liga Federal en diferentes escenarios y entre los dos olavarrienses que hubo en cancha, volvi\u00f3 a destacarse Mateo Macrini que anot\u00f3 el doble ganador.<!--more--><\/p>\n<hr \/>\n<p>Mateo Macrini fue el h\u00e9roe de El Talar que por la 4\u00b0 fecha de la Zona A de la Regi\u00f3n Metropolitana venci\u00f3 73 a 72 a Sportivo Escobar. El olavarriense marc\u00f3 el doble de la victoria a pocos segundos del final para estirar la buena racha del equipo \u201caurinegro\u201d.<\/p>\n<p>&nbsp;<\/p>\n<p>En los primeros dos cuartos rein\u00f3 la paridad, con leve predominio en las cifras para los locales, con Federico Glinebrg dominante en la pintura, Lautaro Manrique picante en el per\u00edmetro y las apariciones de Mateo Macrini y Facundo L\u00f3pez Banegas.<\/p>\n<p>&nbsp;<\/p>\n<p>El tercer parcial fue a pura bomba de tres puntos. Mat\u00edas Cuello, que termin\u00f3 con 5\/6 en esos lanzamientos estuvo en llamas, respondiendo el elenco visitante con distintos jugadores y dejando las cifras siempre en breve diferencia.<\/p>\n<p>&nbsp;<\/p>\n<p>Escobar arranc\u00f3 mejor el cuarto definitivo, sec\u00f3 a El Talar que no encontraba ni efectividad ni circulaci\u00f3n en ofensiva, pero cuando parec\u00eda haberse volcado todo, apareci\u00f3 el plus que siempre tiene el equipo, apretaron los dientes, se hicieron s\u00f3lidos en defensa, se pusieron en partido y con el marcador 71-72 y casi catorce segundos para el cierre, luego de un minuto, la jugada sali\u00f3 para un lanzamiento cort\u00f3 de Macrini que hizo explotar de alegr\u00eda al p\u00fablico.<\/p>\n<p>&nbsp;<\/p>\n<p>Mateo Macrini termin\u00f3 el partido con 10 puntos y 2 rebotes en 18:10 minutos en cancha.<\/p>\n<p>&nbsp;<\/p>\n\n<p>&nbsp;<\/p>\n<p>Por otro lado, en su primera gira de la Regi\u00f3n Sudeste A, Independiente cay\u00f3 ante Atl\u00e9tico Villegas por 80 a 76.<\/p>\n<p>&nbsp;<\/p>\n<p>C\u00f3mo en cada jornada de La Liga Federal, el Osvaldo Leiva fue una verdadera fiesta y fue con el p\u00fablico local festejando una sufrida victoria porque los villaguenses debieron soportar las embestidas del \u201cRojo\u201d de Tandil que sum\u00f3 su segunda derrota en igual cantidad de presentaciones.<\/p>\n<p>&nbsp;<\/p>\n<p>Ariel Weisbeck complet\u00f3 12 puntos, 4 rebotes y 5 asistencias en 32:44 minutos en cancha para el equipo tandilense.<\/p>\n","protected":false},"excerpt":{"rendered":"<p>En la noche del jueves se complet\u00f3 una nueva jornada de Liga Federal en diferentes escenarios y entre los dos<\/p>\n","protected":false},"author":96739694,"featured_media":159917,"comment_status":"closed","ping_status":"closed","sticky":false,"template":"","format":"standard","meta":{"_jetpack_memberships_contains_paid_content":false,"footnotes":""},"categories":[31,1,57],"tags":[],"class_list":["post-135697","post","type-post","status-publish","format-standard","has-post-thumbnail","hentry","category-basquet","category-portada","category-torneo-federal"],"jetpack_featured_media_url":"https:\/\/i0.wp.com\/cdnoticias.com\/wp-content\/uploads\/2024\/03\/basquet_el_talar_1709900144_3319205446131744345_7412511197-e1709932055321.jpg?fit=1080%2C633&ssl=1","jetpack_sharing_enabled":true,"_links":{"self":[{"href":"https:\/\/cdnoticias.com\/index.php\/wp-json\/wp\/v2\/posts\/135697","targetHints":{"allow":["GET"]}}],"collection":[{"href":"https:\/\/cdnoticias.com\/index.php\/wp-json\/wp\/v2\/posts"}],"about":[{"href":"https:\/\/cdnoticias.com\/index.php\/wp-json\/wp\/v2\/types\/post"}],"author":[{"embeddable":true,"href":"https:\/\/cdnoticias.com\/index.php\/wp-json\/wp\/v2\/users\/96739694"}],"replies":[{"embeddable":true,"href":"https:\/\/cdnoticias.com\/index.php\/wp-json\/wp\/v2\/comments?post=135697"}],"version-history":[{"count":0,"href":"https:\/\/cdnoticias.com\/index.php\/wp-json\/wp\/v2\/posts\/135697\/revisions"}],"wp:featuredmedia":[{"embeddable":true,"href":"https:\/\/cdnoticias.com\/index.php\/wp-json\/wp\/v2\/media\/159917"}],"wp:attachment":[{"href":"https:\/\/cdnoticias.com\/index.php\/wp-json\/wp\/v2\/media?parent=135697"}],"wp:term":[{"taxonomy":"category","embeddable":true,"href":"https:\/\/cdnoticias.com\/index.php\/wp-json\/wp\/v2\/categories?post=135697"},{"taxonomy":"post_tag","embeddable":true,"href":"https:\/\/cdnoticias.com\/index.php\/wp-json\/wp\/v2\/tags?post=135697"}],"curies":[{"name":"wp","href":"https:\/\/api.w.org\/{rel}","templated":true}]}}