{"id":135696,"date":"2024-03-08T17:37:58","date_gmt":"2024-03-08T20:37:58","guid":{"rendered":"https:\/\/centraldeportes.com.ar\/?p=48131"},"modified":"2025-02-12T23:39:04","modified_gmt":"2025-02-13T02:39:04","slug":"finalizo-el-ciclo-2024-de-remadas-nocturnas-con-mucho-exito","status":"publish","type":"post","link":"https:\/\/cdnoticias.com\/index.php\/2024\/03\/08\/finalizo-el-ciclo-2024-de-remadas-nocturnas-con-mucho-exito\/","title":{"rendered":"Finaliz\u00f3 el ciclo 2024 de remadas nocturnas con mucho \u00e9xito"},"content":{"rendered":"<p>El ciclo nocturno de remadas veraniegas lleg\u00f3 a su fin este domingo con unos 55 participantes que se animaron a realizar la traves\u00eda desde el muelle de Estudiantes hacia La Isla a la luz de la luna.<!--more--><\/p>\n<hr \/>\n<p>Durante todo el verano, las remadas &#8220;albinegras&#8221; fueron un gran \u00e9xito con much\u00edsimas familias sum\u00e1ndose a las propuestas y en esta \u00faltima edici\u00f3n del 2024, se sumaron las integrantes de Ola Rosa.<\/p>\n<p>&nbsp;<\/p>\n\n<p>&nbsp;<\/p>\n<p>Destacar tambi\u00e9n el trabajo de la secci\u00f3n de Remo y Canotaje del Club que estuvo en todos los detalles de cada remada, sobre todo brindando seguridad en los participantes y para que no fuera la excepci\u00f3n, nuevamente hubo charla de preparaci\u00f3n y luego un placentero viaje por el arroyo Tapalqu\u00e9 hac\u00eda La Isla.<\/p>\n<p>&nbsp;<\/p>\n<p>&nbsp;<\/p>\n","protected":false},"excerpt":{"rendered":"<p>El ciclo nocturno de remadas veraniegas lleg\u00f3 a su fin este domingo con unos 55 participantes que se animaron a<\/p>\n","protected":false},"author":96739694,"featured_media":159920,"comment_status":"closed","ping_status":"closed","sticky":false,"template":"","format":"standard","meta":{"_jetpack_memberships_contains_paid_content":false,"footnotes":""},"categories":[30,1],"tags":[],"class_list":["post-135696","post","type-post","status-publish","format-standard","has-post-thumbnail","hentry","category-polideportivo","category-portada"],"jetpack_featured_media_url":"https:\/\/i0.wp.com\/cdnoticias.com\/wp-content\/uploads\/2024\/03\/429679411_925242662939759_4037368592485279088_n-e1709930231274.jpg?fit=1440%2C820&ssl=1","jetpack_sharing_enabled":true,"_links":{"self":[{"href":"https:\/\/cdnoticias.com\/index.php\/wp-json\/wp\/v2\/posts\/135696","targetHints":{"allow":["GET"]}}],"collection":[{"href":"https:\/\/cdnoticias.com\/index.php\/wp-json\/wp\/v2\/posts"}],"about":[{"href":"https:\/\/cdnoticias.com\/index.php\/wp-json\/wp\/v2\/types\/post"}],"author":[{"embeddable":true,"href":"https:\/\/cdnoticias.com\/index.php\/wp-json\/wp\/v2\/users\/96739694"}],"replies":[{"embeddable":true,"href":"https:\/\/cdnoticias.com\/index.php\/wp-json\/wp\/v2\/comments?post=135696"}],"version-history":[{"count":0,"href":"https:\/\/cdnoticias.com\/index.php\/wp-json\/wp\/v2\/posts\/135696\/revisions"}],"wp:featuredmedia":[{"embeddable":true,"href":"https:\/\/cdnoticias.com\/index.php\/wp-json\/wp\/v2\/media\/159920"}],"wp:attachment":[{"href":"https:\/\/cdnoticias.com\/index.php\/wp-json\/wp\/v2\/media?parent=135696"}],"wp:term":[{"taxonomy":"category","embeddable":true,"href":"https:\/\/cdnoticias.com\/index.php\/wp-json\/wp\/v2\/categories?post=135696"},{"taxonomy":"post_tag","embeddable":true,"href":"https:\/\/cdnoticias.com\/index.php\/wp-json\/wp\/v2\/tags?post=135696"}],"curies":[{"name":"wp","href":"https:\/\/api.w.org\/{rel}","templated":true}]}}