{"id":135695,"date":"2024-03-08T15:07:58","date_gmt":"2024-03-08T18:07:58","guid":{"rendered":"https:\/\/centraldeportes.com.ar\/?p=48128"},"modified":"2025-02-12T23:39:07","modified_gmt":"2025-02-13T02:39:07","slug":"colonias-y-cerros-presento-la-indumentaria-para-el-2024","status":"publish","type":"post","link":"https:\/\/cdnoticias.com\/index.php\/2024\/03\/08\/colonias-y-cerros-presento-la-indumentaria-para-el-2024\/","title":{"rendered":"Colonias y Cerros present\u00f3 la indumentaria para el 2024"},"content":{"rendered":"<p>A pesar de que ya comenz\u00f3 la competencia en las categor\u00edas formativas el pasado fin de semana, en la noche del jueves se llev\u00f3 a cabo el lanzamiento de la nueva indumentaria para el 2024.<!--more--><\/p>\n<hr \/>\n<p>Colonias y Cerros, conferencia de prensa mediante, realiz\u00f3 la presentaci\u00f3n de las camisetas que utilizar\u00e1n los equipos para la temporada que se avecina que lo tendr\u00e1 como uno de los protagonistas de la Primera Divisi\u00f3n.<\/p>\n<p>&nbsp;<\/p>\n<p>Marcelo Gadea como Presidente de la instituci\u00f3n y C\u00e9sar Arb\u00edo como Coordinador del f\u00fatbol \u201cTricolor\u201d encabezaron el lanzamiento de la ropa que utilizar\u00e1n en Primera Divisi\u00f3n los planteles femeninos y masculinos que se preparan a debutar.<\/p>\n<p>&nbsp;<\/p>\n\n<p>&nbsp;<\/p>\n<p>La presentaci\u00f3n de la indumentaria tambi\u00e9n dio lugar para conocer las expectativas del \u00faltimo equipo ascendido a la categor\u00eda principal de la Liga de F\u00fatbol de Olavarr\u00eda que estuvo representada por Pablo Palayh y Enzo Russo.<\/p>\n<p>&nbsp;<\/p>\n<p>\u201c<strong><em>El pr\u00f3ximo domingo ser\u00e1 un d\u00eda hist\u00f3rico para Colonias y Cerros y nada de esto podr\u00eda ser sin un gran equipo de trabajo del cual estoy muy orgulloso<\/em><\/strong>\u201d, fueron las palabras de Marcelo Gadea de cara a lo que ser\u00e1 el partido por la 2\u00b0 fecha del Torneo Uni\u00f3n Regional Deportiva frente a El Fort\u00edn desde las 11:00 en el Tete Di Carlo y sentenci\u00f3 \u201c<em>esperamos sea un gran a\u00f1o para un club que se instal\u00f3<\/em>\u201d.<\/p>\n<p>&nbsp;<\/p>\n<p>Tambi\u00e9n tomaron la palabra el presidente de la LFO Pablo Palahy, C\u00e9sar Arb\u00edo, Diego Del Castillo y Silvio Lobos, Directores T\u00e9cnicos de la Primera Masculina y Femenina respectivamente y Dar\u00edo Santell\u00e1n uno de los referentes del plantel.<\/p>\n","protected":false},"excerpt":{"rendered":"<p>A pesar de que ya comenz\u00f3 la competencia en las categor\u00edas formativas el pasado fin de semana, en la noche<\/p>\n","protected":false},"author":96739694,"featured_media":159922,"comment_status":"closed","ping_status":"closed","sticky":false,"template":"","format":"standard","meta":{"_jetpack_memberships_contains_paid_content":false,"footnotes":""},"categories":[35,1,41],"tags":[],"class_list":["post-135695","post","type-post","status-publish","format-standard","has-post-thumbnail","hentry","category-futbol","category-portada","category-primera-y-reserva"],"jetpack_featured_media_url":"https:\/\/i0.wp.com\/cdnoticias.com\/wp-content\/uploads\/2024\/03\/conferencia-6.jpg?fit=1280%2C853&ssl=1","jetpack_sharing_enabled":true,"_links":{"self":[{"href":"https:\/\/cdnoticias.com\/index.php\/wp-json\/wp\/v2\/posts\/135695","targetHints":{"allow":["GET"]}}],"collection":[{"href":"https:\/\/cdnoticias.com\/index.php\/wp-json\/wp\/v2\/posts"}],"about":[{"href":"https:\/\/cdnoticias.com\/index.php\/wp-json\/wp\/v2\/types\/post"}],"author":[{"embeddable":true,"href":"https:\/\/cdnoticias.com\/index.php\/wp-json\/wp\/v2\/users\/96739694"}],"replies":[{"embeddable":true,"href":"https:\/\/cdnoticias.com\/index.php\/wp-json\/wp\/v2\/comments?post=135695"}],"version-history":[{"count":0,"href":"https:\/\/cdnoticias.com\/index.php\/wp-json\/wp\/v2\/posts\/135695\/revisions"}],"wp:featuredmedia":[{"embeddable":true,"href":"https:\/\/cdnoticias.com\/index.php\/wp-json\/wp\/v2\/media\/159922"}],"wp:attachment":[{"href":"https:\/\/cdnoticias.com\/index.php\/wp-json\/wp\/v2\/media?parent=135695"}],"wp:term":[{"taxonomy":"category","embeddable":true,"href":"https:\/\/cdnoticias.com\/index.php\/wp-json\/wp\/v2\/categories?post=135695"},{"taxonomy":"post_tag","embeddable":true,"href":"https:\/\/cdnoticias.com\/index.php\/wp-json\/wp\/v2\/tags?post=135695"}],"curies":[{"name":"wp","href":"https:\/\/api.w.org\/{rel}","templated":true}]}}