{"id":135693,"date":"2024-03-07T20:46:29","date_gmt":"2024-03-07T23:46:29","guid":{"rendered":"https:\/\/centraldeportes.com.ar\/?p=48118"},"modified":"2025-02-12T23:39:09","modified_gmt":"2025-02-13T02:39:09","slug":"comienza-la-12-edicion-del-maff-en-estudiantes","status":"publish","type":"post","link":"https:\/\/cdnoticias.com\/index.php\/2024\/03\/07\/comienza-la-12-edicion-del-maff-en-estudiantes\/","title":{"rendered":"Comienza la 12\u00b0 edici\u00f3n del MAFF en Estudiantes"},"content":{"rendered":"\n<div class=\"wp-block-group is-layout-constrained wp-block-group-is-layout-constrained\">\n<p>Este viernes y con salidas tempraneras, dar\u00e1 comienzo la laguneada Pro-Am de la decimosegunda edici\u00f3n del MAFF en Estudiantes.<!--more--><\/p>\n<hr \/>\n<p>Se acab\u00f3 la espera y dar\u00e1 comienzo el <strong>torneo m\u00e1s importante del a\u00f1o organizado por la Subcomisi\u00f3n de Golf<\/strong> que tiene un gran nivel y que recuerda a cuatro grandes representantes de la disciplina &#8220;albinegra&#8221;: <strong>Marcelo Miguel, Francisco Gosende y Francisco y Agustina Incaurgarat<\/strong> .<\/p>\n<p>\u00a0<\/p>\n<p>En la v\u00edspera del arranque, Leonardo Gelso y Francisco Melo como exponentes de la Subcomisi\u00f3n, brindaron algunos detalles de lo que ser\u00e1 la competencia.<\/p>\n<p>\u00a0<\/p>\n<p>\u201c<em><strong>Estamos muy contentos por el apoyo que hemos recibido por parte de los socios, que tambi\u00e9n ayudaron con la preparaci\u00f3n de la cancha<\/strong>. Tambi\u00e9n tuvimos la suerte, a pesar de la situaci\u00f3n del pa\u00eds, que los sponsors nos apoyaran y estamos muy satisfechos desde ese lado<\/em>\u201d, sostuvo Leonardo Gelso.<\/p>\n<p>\u00a0<\/p>\n<p>El dirigente y jugador del &#8220;Bata&#8221; confirm\u00f3 la presencia de &#8220;<em><strong>entre 150 y 160 jugadores<\/strong> y contando con la presencia del <strong>\u201cTula\u201d Etuli\u00e1n<\/strong> que es un amigo de la casa que le va muy bien a nivel internacional y le suma mucho nivel al Torneo, adem\u00e1s del resto de los chicos que compiten profesionalmente que para la gente va a ser un lindo espect\u00e1culo<\/em>\u201d.<\/p>\n<p>\u00a0<\/p>\n<p>En sinton\u00eda, Francisco Melo asegur\u00f3 que \u201c<em>esta fecha nos moviliza mucho sobre todo porque sabemos que hay que brindarle un homenaje a los chicos y a Marcelo. <strong>Que la gente lo disfrute y que los que vengan de afuera disfruten la cancha que est\u00e1 en \u00f3ptimas condiciones<\/strong>. Trataremos que este fin de semana sea lo m\u00e1s feliz para todo el mundo, para todo el que pise la cancha de Estudiantes y se vaya satisfecho<\/em>\u201d.<\/p>\n<p>\u00a0<\/p>\n<p>\u201c<em>I<strong>nvitamos a toda la gente que se quiera sumar, a que vea lo que es la cancha que queda en el medio de la ciudad y que vengan a pasarla bien, a disfrutar y ver un deporte a buen nivel siempre es lindo<\/strong><\/em>\u201d, sentenciaron los representantes de la Subcomisi\u00f3n.<\/p>\n<p>\u00a0<\/p>\n<p><strong><em>Fuente: Prensa CAE.<\/em><\/strong><\/p>\n<\/div>\n","protected":false},"excerpt":{"rendered":"<p>Este viernes y con salidas tempraneras, dar\u00e1 comienzo la laguneada Pro-Am de la decimosegunda edici\u00f3n del MAFF en Estudiantes. Este<\/p>\n","protected":false},"author":96739694,"featured_media":159926,"comment_status":"closed","ping_status":"closed","sticky":false,"template":"","format":"standard","meta":{"_jetpack_memberships_contains_paid_content":false,"footnotes":""},"categories":[30,1],"tags":[],"class_list":["post-135693","post","type-post","status-publish","format-standard","has-post-thumbnail","hentry","category-polideportivo","category-portada"],"jetpack_featured_media_url":"https:\/\/i0.wp.com\/cdnoticias.com\/wp-content\/uploads\/2024\/03\/Torneo-Maff-2024.jpeg?fit=1000%2C662&ssl=1","jetpack_sharing_enabled":true,"_links":{"self":[{"href":"https:\/\/cdnoticias.com\/index.php\/wp-json\/wp\/v2\/posts\/135693","targetHints":{"allow":["GET"]}}],"collection":[{"href":"https:\/\/cdnoticias.com\/index.php\/wp-json\/wp\/v2\/posts"}],"about":[{"href":"https:\/\/cdnoticias.com\/index.php\/wp-json\/wp\/v2\/types\/post"}],"author":[{"embeddable":true,"href":"https:\/\/cdnoticias.com\/index.php\/wp-json\/wp\/v2\/users\/96739694"}],"replies":[{"embeddable":true,"href":"https:\/\/cdnoticias.com\/index.php\/wp-json\/wp\/v2\/comments?post=135693"}],"version-history":[{"count":0,"href":"https:\/\/cdnoticias.com\/index.php\/wp-json\/wp\/v2\/posts\/135693\/revisions"}],"wp:featuredmedia":[{"embeddable":true,"href":"https:\/\/cdnoticias.com\/index.php\/wp-json\/wp\/v2\/media\/159926"}],"wp:attachment":[{"href":"https:\/\/cdnoticias.com\/index.php\/wp-json\/wp\/v2\/media?parent=135693"}],"wp:term":[{"taxonomy":"category","embeddable":true,"href":"https:\/\/cdnoticias.com\/index.php\/wp-json\/wp\/v2\/categories?post=135693"},{"taxonomy":"post_tag","embeddable":true,"href":"https:\/\/cdnoticias.com\/index.php\/wp-json\/wp\/v2\/tags?post=135693"}],"curies":[{"name":"wp","href":"https:\/\/api.w.org\/{rel}","templated":true}]}}