{"id":135691,"date":"2024-03-07T18:30:25","date_gmt":"2024-03-07T21:30:25","guid":{"rendered":"https:\/\/centraldeportes.com.ar\/?p=48109"},"modified":"2024-03-07T18:30:25","modified_gmt":"2024-03-07T21:30:25","slug":"la-experiencia-en-lanus-nicolas-russo-disertara-en-olavarria-2","status":"publish","type":"post","link":"https:\/\/cdnoticias.com\/index.php\/2024\/03\/07\/la-experiencia-en-lanus-nicolas-russo-disertara-en-olavarria-2\/","title":{"rendered":"\u201cLa experiencia en Lan\u00fas\u201d: Nicol\u00e1s Russo disertar\u00e1 en Olavarr\u00eda"},"content":{"rendered":"<p>Este viernes, el ex presidente \u201cGranate\u201d visitar\u00e1 la ciudad y brindar\u00e1 una charla sobre Gesti\u00f3n Deportiva y Derecho Deportivo en La Casa del Deporte. La actividad es de car\u00e1cter gratuito.<!--more--><\/p>\n<hr \/>\n<p>En el marco del Programa Municipal \u201cOlavarr\u00eda se capacita\u201d promovido por la Subsecretar\u00eda de Deportes y Recreaci\u00f3n, <strong>este viernes<\/strong> el ex presidente de Lan\u00fas y actual diputado provincial, <strong>Nicol\u00e1s Russo, llegar\u00e1 a la ciudad para brindar una charla sobre sobre Gesti\u00f3n Deportiva denominada \u201cLa experiencia en Lan\u00fas\u201d<\/strong>.<\/p>\n<p>&nbsp;<\/p>\n<p>La actividad, <strong>de car\u00e1cter gratutito<\/strong>, se realizar\u00e1 a partir de las <strong>19:00 horas en La Casa del Deporte<\/strong> (avenida Del Valle 3549) y adem\u00e1s del p\u00fablico en general, estar\u00e1 destinada a dirigentes deportivos.<\/p>\n<p>&nbsp;<\/p>\n<p>Asimismo, la visita tiene como objetivo brindarles a los integrantes de la comunidad deportiva la posibilidad de acceder a distintas herramientas para el desarrollo profesional y consolidar a nuestro distrito como un punto de referencia en la tem\u00e1tica.<\/p>\n<p>&nbsp;<\/p>\n<p>La charla que brindar\u00e1 Russo abordar\u00e1 cuestiones vinculadas a la Gesti\u00f3n Deportiva y el Derecho Deportivo, como as\u00ed tambi\u00e9n inquietudes y aspectos que surjan del intercambio con los presentes.<\/p>\n<p>&nbsp;<\/p>\n<p><em><strong>Fuente: Prensa del Municipio.<\/strong><\/em><\/p>\n","protected":false},"excerpt":{"rendered":"<p>Este viernes, el ex presidente \u201cGranate\u201d visitar\u00e1 la ciudad y brindar\u00e1 una charla sobre Gesti\u00f3n Deportiva y Derecho Deportivo en<\/p>\n","protected":false},"author":96739695,"featured_media":48110,"comment_status":"closed","ping_status":"closed","sticky":false,"template":"","format":"standard","meta":{"_jetpack_memberships_contains_paid_content":false,"footnotes":""},"categories":[35,1],"tags":[],"class_list":["post-135691","post","type-post","status-publish","format-standard","has-post-thumbnail","hentry","category-futbol","category-portada"],"jetpack_featured_media_url":"https:\/\/i0.wp.com\/cdnoticias.com\/wp-content\/uploads\/2022\/03\/WhatsApp-Image-2022-03-04-at-19.30.02.jpeg?fit=1600%2C1200&ssl=1","jetpack_sharing_enabled":true,"_links":{"self":[{"href":"https:\/\/cdnoticias.com\/index.php\/wp-json\/wp\/v2\/posts\/135691","targetHints":{"allow":["GET"]}}],"collection":[{"href":"https:\/\/cdnoticias.com\/index.php\/wp-json\/wp\/v2\/posts"}],"about":[{"href":"https:\/\/cdnoticias.com\/index.php\/wp-json\/wp\/v2\/types\/post"}],"author":[{"embeddable":true,"href":"https:\/\/cdnoticias.com\/index.php\/wp-json\/wp\/v2\/users\/96739695"}],"replies":[{"embeddable":true,"href":"https:\/\/cdnoticias.com\/index.php\/wp-json\/wp\/v2\/comments?post=135691"}],"version-history":[{"count":0,"href":"https:\/\/cdnoticias.com\/index.php\/wp-json\/wp\/v2\/posts\/135691\/revisions"}],"wp:featuredmedia":[{"embeddable":true,"href":"https:\/\/cdnoticias.com\/index.php\/wp-json\/wp\/v2\/media\/48110"}],"wp:attachment":[{"href":"https:\/\/cdnoticias.com\/index.php\/wp-json\/wp\/v2\/media?parent=135691"}],"wp:term":[{"taxonomy":"category","embeddable":true,"href":"https:\/\/cdnoticias.com\/index.php\/wp-json\/wp\/v2\/categories?post=135691"},{"taxonomy":"post_tag","embeddable":true,"href":"https:\/\/cdnoticias.com\/index.php\/wp-json\/wp\/v2\/tags?post=135691"}],"curies":[{"name":"wp","href":"https:\/\/api.w.org\/{rel}","templated":true}]}}