{"id":135690,"date":"2024-03-07T17:33:29","date_gmt":"2024-03-07T20:33:29","guid":{"rendered":"https:\/\/centraldeportes.com.ar\/?p=48099"},"modified":"2025-02-12T23:39:12","modified_gmt":"2025-02-13T02:39:12","slug":"dupin-y-aman-festejaron-otra-vez-en-la-liga-federal","status":"publish","type":"post","link":"https:\/\/cdnoticias.com\/index.php\/2024\/03\/07\/dupin-y-aman-festejaron-otra-vez-en-la-liga-federal\/","title":{"rendered":"Dupin y Aman festejaron otra vez en la Liga Federal"},"content":{"rendered":"<p>Una de las tres Zonas de la Regi\u00f3n Metropolitana complet\u00f3 una nueva fecha en la noche del mi\u00e9rcoles y fue con festejo por duplicado para los representantes locales.<!--more--><\/p>\n<hr \/>\n<p>Sebasti\u00e1n Dupin y Santiago Aman, adem\u00e1s de Mart\u00edn Delgado volvieron a presentarse en la tercera categor\u00eda del b\u00e1squet nacional y fue con festejo para los nacidos en Olavarr\u00eda.<\/p>\n<p>&nbsp;<\/p>\n<p>En Don Torcuato, Unitarios de Marcos Paz venci\u00f3 88 a 80 a Caza y Pesca para sumar su segundo triunfo consecutivo en la Zona C del certamen metropolitano en un duelo por dem\u00e1s parejos y con suspenso hasta el minuto final.<\/p>\n<p>&nbsp;<\/p>\n<p>En el equipo vencedor, Sebasti\u00e1n Dupin fue una de las figuras con 17 puntos, 8 rebotes, 4 asistencias y un recupero en 23:21 minutos en cancha, mientras que en el \u201cTibur\u00f3n\u201d, Mart\u00edn Delgado complet\u00f3 32:24 minutos con 10 puntos, 5 rebotes, 1 asistencia, un recupero y 2 tapas.<\/p>\n<p>&nbsp;<\/p>\n<div class=\"tiled-gallery type-rectangular tiled-gallery-unresized\" data-original-width=\"800\" data-carousel-extra='null' itemscope itemtype=\"http:\/\/schema.org\/ImageGallery\" > <div class=\"gallery-row\" style=\"width: 800px; height: 601px;\" data-original-width=\"800\" data-original-height=\"601\" > <div class=\"gallery-group images-1\" style=\"width: 800px; height: 601px;\" data-original-width=\"800\" data-original-height=\"601\" > <div class=\"tiled-gallery-item tiled-gallery-item-large\" itemprop=\"associatedMedia\" itemscope itemtype=\"http:\/\/schema.org\/ImageObject\"> <a href=\"https:\/\/i0.wp.com\/cdnoticias.com\/wp-content\/uploads\/2022\/03\/WhatsApp-Image-2022-03-04-at-19.30.03.jpeg?ssl=1\" border=\"0\" itemprop=\"url\"> <meta itemprop=\"width\" content=\"796\"> <meta itemprop=\"height\" content=\"597\"> <img decoding=\"async\" class=\"\" data-attachment-id=\"48107\" data-orig-file=\"https:\/\/cdnoticias.com\/wp-content\/uploads\/2022\/03\/WhatsApp-Image-2022-03-04-at-19.30.03.jpeg\" data-orig-size=\"1600,1200\" data-comments-opened=\"\" data-image-meta=\"{&quot;aperture&quot;:&quot;0&quot;,&quot;credit&quot;:&quot;&quot;,&quot;camera&quot;:&quot;&quot;,&quot;caption&quot;:&quot;&quot;,&quot;created_timestamp&quot;:&quot;0&quot;,&quot;copyright&quot;:&quot;&quot;,&quot;focal_length&quot;:&quot;0&quot;,&quot;iso&quot;:&quot;0&quot;,&quot;shutter_speed&quot;:&quot;0&quot;,&quot;title&quot;:&quot;&quot;,&quot;orientation&quot;:&quot;0&quot;}\" data-image-title=\"WhatsApp Image 2022-03-04 at 19.30.03\" data-image-description=\"\" data-medium-file=\"https:\/\/i0.wp.com\/cdnoticias.com\/wp-content\/uploads\/2022\/03\/WhatsApp-Image-2022-03-04-at-19.30.03.jpeg?fit=300%2C225&#038;ssl=1\" data-large-file=\"https:\/\/i0.wp.com\/cdnoticias.com\/wp-content\/uploads\/2022\/03\/WhatsApp-Image-2022-03-04-at-19.30.03.jpeg?fit=800%2C600&#038;ssl=1\" src=\"https:\/\/i0.wp.com\/cdnoticias.com\/wp-content\/uploads\/2022\/03\/WhatsApp-Image-2022-03-04-at-19.30.03.jpeg?w=796&#038;h=597&#038;ssl=1\" srcset=\"https:\/\/i0.wp.com\/cdnoticias.com\/wp-content\/uploads\/2022\/03\/WhatsApp-Image-2022-03-04-at-19.30.03.jpeg?w=1600&amp;ssl=1 1600w, https:\/\/i0.wp.com\/cdnoticias.com\/wp-content\/uploads\/2022\/03\/WhatsApp-Image-2022-03-04-at-19.30.03.jpeg?resize=300%2C225&amp;ssl=1 300w, https:\/\/i0.wp.com\/cdnoticias.com\/wp-content\/uploads\/2022\/03\/WhatsApp-Image-2022-03-04-at-19.30.03.jpeg?resize=1024%2C768&amp;ssl=1 1024w, https:\/\/i0.wp.com\/cdnoticias.com\/wp-content\/uploads\/2022\/03\/WhatsApp-Image-2022-03-04-at-19.30.03.jpeg?resize=768%2C576&amp;ssl=1 768w, https:\/\/i0.wp.com\/cdnoticias.com\/wp-content\/uploads\/2022\/03\/WhatsApp-Image-2022-03-04-at-19.30.03.jpeg?resize=1536%2C1152&amp;ssl=1 1536w\" width=\"796\" height=\"597\" loading=\"lazy\" data-original-width=\"796\" data-original-height=\"597\" itemprop=\"http:\/\/schema.org\/image\" title=\"WhatsApp Image 2022-03-04 at 19.30.03\" alt=\"WhatsApp Image 2022-03-04 at 19.30.03\" style=\"width: 796px; height: 597px;\" \/> <\/a> <\/div> <\/div> <!-- close group --> <\/div> <!-- close row --> <\/div>\n<p>&nbsp;<\/p>\n<p>Por otro lado, en el mismo grupo, Atenas tuvo su debut como local y fue con el segundo festejo en tres duelos. Fue ante Club GEI por 81 a 74.<\/p>\n<p>&nbsp;<\/p>\n<p>Santiago Aman jug\u00f3 25:42 minutos con 6 puntos, 6 rebotes y un recupero.<\/p>\n<p>&nbsp;<\/p>\n<div class=\"tiled-gallery type-rectangular tiled-gallery-unresized\" data-original-width=\"800\" data-carousel-extra='null' itemscope itemtype=\"http:\/\/schema.org\/ImageGallery\" > <div class=\"gallery-row\" style=\"width: 800px; height: 601px;\" data-original-width=\"800\" data-original-height=\"601\" > <div class=\"gallery-group images-1\" style=\"width: 800px; height: 601px;\" data-original-width=\"800\" data-original-height=\"601\" > <div class=\"tiled-gallery-item tiled-gallery-item-large\" itemprop=\"associatedMedia\" itemscope itemtype=\"http:\/\/schema.org\/ImageObject\"> <a href=\"https:\/\/i0.wp.com\/cdnoticias.com\/wp-content\/uploads\/2022\/03\/WhatsApp-Image-2022-03-04-at-19.30.04.jpeg?ssl=1\" border=\"0\" itemprop=\"url\"> <meta itemprop=\"width\" content=\"796\"> <meta itemprop=\"height\" content=\"597\"> <img decoding=\"async\" class=\"\" data-attachment-id=\"48105\" data-orig-file=\"https:\/\/cdnoticias.com\/wp-content\/uploads\/2022\/03\/WhatsApp-Image-2022-03-04-at-19.30.04.jpeg\" data-orig-size=\"1600,1200\" data-comments-opened=\"\" data-image-meta=\"{&quot;aperture&quot;:&quot;0&quot;,&quot;credit&quot;:&quot;&quot;,&quot;camera&quot;:&quot;&quot;,&quot;caption&quot;:&quot;&quot;,&quot;created_timestamp&quot;:&quot;0&quot;,&quot;copyright&quot;:&quot;&quot;,&quot;focal_length&quot;:&quot;0&quot;,&quot;iso&quot;:&quot;0&quot;,&quot;shutter_speed&quot;:&quot;0&quot;,&quot;title&quot;:&quot;&quot;,&quot;orientation&quot;:&quot;0&quot;}\" data-image-title=\"WhatsApp Image 2022-03-04 at 19.30.04\" data-image-description=\"\" data-medium-file=\"https:\/\/i0.wp.com\/cdnoticias.com\/wp-content\/uploads\/2022\/03\/WhatsApp-Image-2022-03-04-at-19.30.04.jpeg?fit=300%2C225&#038;ssl=1\" data-large-file=\"https:\/\/i0.wp.com\/cdnoticias.com\/wp-content\/uploads\/2022\/03\/WhatsApp-Image-2022-03-04-at-19.30.04.jpeg?fit=800%2C600&#038;ssl=1\" src=\"https:\/\/i0.wp.com\/cdnoticias.com\/wp-content\/uploads\/2022\/03\/WhatsApp-Image-2022-03-04-at-19.30.04.jpeg?w=796&#038;h=597&#038;ssl=1\" srcset=\"https:\/\/i0.wp.com\/cdnoticias.com\/wp-content\/uploads\/2022\/03\/WhatsApp-Image-2022-03-04-at-19.30.04.jpeg?w=1600&amp;ssl=1 1600w, https:\/\/i0.wp.com\/cdnoticias.com\/wp-content\/uploads\/2022\/03\/WhatsApp-Image-2022-03-04-at-19.30.04.jpeg?resize=300%2C225&amp;ssl=1 300w, https:\/\/i0.wp.com\/cdnoticias.com\/wp-content\/uploads\/2022\/03\/WhatsApp-Image-2022-03-04-at-19.30.04.jpeg?resize=1024%2C768&amp;ssl=1 1024w, https:\/\/i0.wp.com\/cdnoticias.com\/wp-content\/uploads\/2022\/03\/WhatsApp-Image-2022-03-04-at-19.30.04.jpeg?resize=768%2C576&amp;ssl=1 768w, https:\/\/i0.wp.com\/cdnoticias.com\/wp-content\/uploads\/2022\/03\/WhatsApp-Image-2022-03-04-at-19.30.04.jpeg?resize=1536%2C1152&amp;ssl=1 1536w\" width=\"796\" height=\"597\" loading=\"lazy\" data-original-width=\"796\" data-original-height=\"597\" itemprop=\"http:\/\/schema.org\/image\" title=\"WhatsApp Image 2022-03-04 at 19.30.04\" alt=\"WhatsApp Image 2022-03-04 at 19.30.04\" style=\"width: 796px; height: 597px;\" \/> <\/a> <\/div> <\/div> <!-- close group --> <\/div> <!-- close row --> <\/div>\n<p>&nbsp;<\/p>\n<p>Adem\u00e1s, Sim\u00f3n Silber confirm\u00f3 su nuevo equipo y en las \u00faltimas horas se produjo su debut. El olavarriense lleg\u00f3 como refuerzo a Los Andes de Punta Alta y en su primer partido, en la derrota ante El Nacional por 78 a 64, marc\u00f3 cinco puntos.<\/p>\n","protected":false},"excerpt":{"rendered":"<p>Una de las tres Zonas de la Regi\u00f3n Metropolitana complet\u00f3 una nueva fecha en la noche del mi\u00e9rcoles y fue<\/p>\n","protected":false},"author":96739694,"featured_media":159933,"comment_status":"closed","ping_status":"closed","sticky":false,"template":"","format":"standard","meta":{"_jetpack_memberships_contains_paid_content":false,"footnotes":""},"categories":[31,1,57],"tags":[],"class_list":["post-135690","post","type-post","status-publish","format-standard","has-post-thumbnail","hentry","category-basquet","category-portada","category-torneo-federal"],"jetpack_featured_media_url":"https:\/\/i0.wp.com\/cdnoticias.com\/wp-content\/uploads\/2024\/03\/WhatsApp-Image-2024-03-06-at-23.26.02-e1709843304324.jpeg?fit=960%2C558&ssl=1","jetpack_sharing_enabled":true,"_links":{"self":[{"href":"https:\/\/cdnoticias.com\/index.php\/wp-json\/wp\/v2\/posts\/135690","targetHints":{"allow":["GET"]}}],"collection":[{"href":"https:\/\/cdnoticias.com\/index.php\/wp-json\/wp\/v2\/posts"}],"about":[{"href":"https:\/\/cdnoticias.com\/index.php\/wp-json\/wp\/v2\/types\/post"}],"author":[{"embeddable":true,"href":"https:\/\/cdnoticias.com\/index.php\/wp-json\/wp\/v2\/users\/96739694"}],"replies":[{"embeddable":true,"href":"https:\/\/cdnoticias.com\/index.php\/wp-json\/wp\/v2\/comments?post=135690"}],"version-history":[{"count":0,"href":"https:\/\/cdnoticias.com\/index.php\/wp-json\/wp\/v2\/posts\/135690\/revisions"}],"wp:featuredmedia":[{"embeddable":true,"href":"https:\/\/cdnoticias.com\/index.php\/wp-json\/wp\/v2\/media\/159933"}],"wp:attachment":[{"href":"https:\/\/cdnoticias.com\/index.php\/wp-json\/wp\/v2\/media?parent=135690"}],"wp:term":[{"taxonomy":"category","embeddable":true,"href":"https:\/\/cdnoticias.com\/index.php\/wp-json\/wp\/v2\/categories?post=135690"},{"taxonomy":"post_tag","embeddable":true,"href":"https:\/\/cdnoticias.com\/index.php\/wp-json\/wp\/v2\/tags?post=135690"}],"curies":[{"name":"wp","href":"https:\/\/api.w.org\/{rel}","templated":true}]}}