{"id":135686,"date":"2024-03-06T20:46:37","date_gmt":"2024-03-06T23:46:37","guid":{"rendered":"https:\/\/centraldeportes.com.ar\/?p=48084"},"modified":"2025-02-12T23:39:17","modified_gmt":"2025-02-13T02:39:17","slug":"hubo-festival-de-ciclismo-en-el-dante-y-torcuato-emiliozzi","status":"publish","type":"post","link":"https:\/\/cdnoticias.com\/index.php\/2024\/03\/06\/hubo-festival-de-ciclismo-en-el-dante-y-torcuato-emiliozzi\/","title":{"rendered":"Hubo festival de ciclismo en el \u201cDante y Torcuato Emiliozzi\u201d"},"content":{"rendered":"<p>En el transcurso del pasado s\u00e1bado, en La Bota hubo un nuevo festival organizado por la Agrupaci\u00f3n Ciclismo Olavarriense Libre y las victorias en las categor\u00edas m\u00e1s importantes fueron para Nehu\u00e9n Erripa y Lucrecia Hern\u00e1ndez.<!--more--><\/p>\n<hr \/>\n<p>El circuito del Club Estudiantes los resultados m\u00e1s relevantes fueron para Nehu\u00e9n Erripa que gan\u00f3 en la categor\u00eda \u00c9lite y Lucrecia Hern\u00e1ndez que se impuso en Damas.<\/p>\n<p>&nbsp;<\/p>\n<p>Adem\u00e1s, hubo premios en las categor\u00edas M\u00e1ster D, M\u00e1ster E, Principiantes, Menores de 40, Mayores de 40, M\u00e1ster C y B2, M\u00e1ster B1 y Junior. En la categor\u00eda Infantiles participaron una veintena de ciclistas en formaci\u00f3n.<\/p>\n<p>&nbsp;<\/p>\n<p>Los resultados:<\/p>\n<p>M\u00e1ster D:<br \/>\n1\u00b0 Juan Daniel Mandrini<br \/>\n2\u00b0 Sergio Idiar<br \/>\n3\u00b0 Eduardo Guti\u00e9rrez<\/p>\n<p>M\u00e1ster E<br \/>\n1\u00b0 Mario Gocella<\/p>\n<p>Damas<br \/>\n1\u00b0 Lucrecia Hern\u00e1ndez<br \/>\n2\u00b0 Selva Pagano<br \/>\n3\u00b0 Cielo Randazzo<\/p>\n<p>Mayores de 40<br \/>\n1\u00b0 Alejandro Rom\u00e1n<br \/>\n2\u00b0 Miguel Yusti<br \/>\n3\u00b0 Ezequiel Guridi<\/p>\n<p>Principiantes<br \/>\n1\u00b0 Jano Gavil\u00e1n<br \/>\n2\u00b0 Fernando Luna<br \/>\n3\u00b0 Mauro Acu\u00f1a<\/p>\n<p>Menores de 40<br \/>\n1\u00b0 Dante Almir\u00f3n<br \/>\n2\u00b0 Santiago Erripa<br \/>\n3\u00b0 Joaqu\u00edn Melo<\/p>\n<p>M\u00e1ster C y B2<br \/>\n1\u00b0 Rafael Erripa<br \/>\n2\u00b0 Marcelo Borneo<br \/>\n3\u00b0 Oscar Valettuto<\/p>\n<p>Libre<br \/>\n1\u00b0 Nehu\u00e9n Erripa<br \/>\n2\u00b0 Jorge Sosa<br \/>\n3\u00b0 Marcelo Cardoso<br \/>\n4\u00b0 Facundo Dumerauf<br \/>\n5\u00b0 Maximiliano Praiz<\/p>\n<p>M\u00e1ster B1<br \/>\n1\u00b0 Jorge Sosa<br \/>\n2\u00b0 Marcelo Cardoso<br \/>\n3\u00b0 Diego Torres<\/p>\n<p>Junior<br \/>\n1\u00b0 Diego Castro<br \/>\n2\u00b0 Pedro Rojas<\/p>\n","protected":false},"excerpt":{"rendered":"<p>En el transcurso del pasado s\u00e1bado, en La Bota hubo un nuevo festival organizado por la Agrupaci\u00f3n Ciclismo Olavarriense Libre<\/p>\n","protected":false},"author":96739694,"featured_media":159944,"comment_status":"closed","ping_status":"closed","sticky":false,"template":"","format":"standard","meta":{"_jetpack_memberships_contains_paid_content":false,"footnotes":""},"categories":[30,1],"tags":[],"class_list":["post-135686","post","type-post","status-publish","format-standard","has-post-thumbnail","hentry","category-polideportivo","category-portada"],"jetpack_featured_media_url":"https:\/\/i0.wp.com\/cdnoticias.com\/wp-content\/uploads\/2024\/03\/429825670_122179741994008926_8160811402974251414_n-e1709764114484.jpg?fit=1200%2C754&ssl=1","jetpack_sharing_enabled":true,"_links":{"self":[{"href":"https:\/\/cdnoticias.com\/index.php\/wp-json\/wp\/v2\/posts\/135686","targetHints":{"allow":["GET"]}}],"collection":[{"href":"https:\/\/cdnoticias.com\/index.php\/wp-json\/wp\/v2\/posts"}],"about":[{"href":"https:\/\/cdnoticias.com\/index.php\/wp-json\/wp\/v2\/types\/post"}],"author":[{"embeddable":true,"href":"https:\/\/cdnoticias.com\/index.php\/wp-json\/wp\/v2\/users\/96739694"}],"replies":[{"embeddable":true,"href":"https:\/\/cdnoticias.com\/index.php\/wp-json\/wp\/v2\/comments?post=135686"}],"version-history":[{"count":0,"href":"https:\/\/cdnoticias.com\/index.php\/wp-json\/wp\/v2\/posts\/135686\/revisions"}],"wp:featuredmedia":[{"embeddable":true,"href":"https:\/\/cdnoticias.com\/index.php\/wp-json\/wp\/v2\/media\/159944"}],"wp:attachment":[{"href":"https:\/\/cdnoticias.com\/index.php\/wp-json\/wp\/v2\/media?parent=135686"}],"wp:term":[{"taxonomy":"category","embeddable":true,"href":"https:\/\/cdnoticias.com\/index.php\/wp-json\/wp\/v2\/categories?post=135686"},{"taxonomy":"post_tag","embeddable":true,"href":"https:\/\/cdnoticias.com\/index.php\/wp-json\/wp\/v2\/tags?post=135686"}],"curies":[{"name":"wp","href":"https:\/\/api.w.org\/{rel}","templated":true}]}}