{"id":135680,"date":"2024-03-05T21:19:15","date_gmt":"2024-03-06T00:19:15","guid":{"rendered":"https:\/\/centraldeportes.com.ar\/?p=48064"},"modified":"2025-02-12T23:39:25","modified_gmt":"2025-02-13T02:39:25","slug":"presencia-local-por-duplicado-en-otra-jornada-de-la-primera-nacional","status":"publish","type":"post","link":"https:\/\/cdnoticias.com\/index.php\/2024\/03\/05\/presencia-local-por-duplicado-en-otra-jornada-de-la-primera-nacional\/","title":{"rendered":"Presencia local por duplicado en otra jornada de la Primera Nacional"},"content":{"rendered":"<p>\u201cNacho\u201d Pietrobono y Carlos Battigelli marcaron la agenda olavarriense en la 5\u00b0 fecha del campeonato. Braian Guille no fue convocado en Col\u00f3n.<!--more--><\/p>\n<hr \/>\n<p>La principal y vibrante categor\u00eda de ascenso del f\u00fatbol argentino finaliz\u00f3 este martes el quinto cap\u00edtulo del torneo y fue con doble presencia de futbolistas oriundos de nuestra ciudad a lo largo de la jornada.<\/p>\n<p>&nbsp;<\/p>\n<p>Por un lado, <strong>Braian Guille no estuvo entre los citados de Col\u00f3n<\/strong>, que derrot\u00f3 2 a 1 a Estudiantes de R\u00edo Cuarto a domicilio, <strong>ni tampoco Facundo Wiechniak en el empate 0 a 0 de Mitre<\/strong> ante Atlanta en Santiago del Estero.<\/p>\n<p>&nbsp;<\/p>\n<p>A su vez el s\u00e1bado, Defensores de Belgrano se hizo nuevamente fuerte de visitante y gole\u00f3 3 a 0 a Brown de Adrogu\u00e9 en el Lorenzo Arandilla. <strong>Ignacio Pietrobono, quien arrastra una positiva racha con el arco en cero, fue titular bajo los tres palos del \u201cDrag\u00f3n\u201d<\/strong>.<\/p>\n<p>&nbsp;<\/p>\n<p>No corri\u00f3 la misma suerte San Miguel, que perdi\u00f3 el invicto luego de caer 1 a 0 ante Arsenal de Sarand\u00ed en el Estadio Julio Humberto Grondona. <strong>Carlos Battigelli estuvo entre los suplentes del \u201cVerde\u201d, pero no tuvo minutos dentro del campo de juego<\/strong>.<\/p>\n<p>&nbsp;<\/p>\n<p>Con 13 unidades, el \u201cDefe\u201d es l\u00edder de la Zona B junto con Col\u00f3n y en la pr\u00f3xima fecha ser\u00e1 local de Almagro. Adem\u00e1s, el \u201cSabalero\u201d har\u00e1 lo propio ante Aldosivi, Mitre visitar\u00e1 a Almirante Brown y San Miguel abrir\u00e1 la jornada de local contra el puntero de la Zona A, San Mart\u00edn de San Juan.<\/p>\n<p>&nbsp;<\/p>\n<p><em><strong>Foto: Prensa Defensores de Belgrano.<\/strong><\/em><\/p>\n","protected":false},"excerpt":{"rendered":"<p>\u201cNacho\u201d Pietrobono y Carlos Battigelli marcaron la agenda olavarriense en la 5\u00b0 fecha del campeonato. Braian Guille no fue convocado<\/p>\n","protected":false},"author":96739694,"featured_media":159958,"comment_status":"closed","ping_status":"closed","sticky":false,"template":"","format":"standard","meta":{"_jetpack_memberships_contains_paid_content":false,"footnotes":""},"categories":[37,1],"tags":[],"class_list":["post-135680","post","type-post","status-publish","format-standard","has-post-thumbnail","hentry","category-futbol-profesional","category-portada"],"jetpack_featured_media_url":"https:\/\/i0.wp.com\/cdnoticias.com\/wp-content\/uploads\/2024\/03\/Ignacio-Pietrobono-Defensores-de-Belgrano-fecha-5-PN-e1709684332531.jpg?fit=998%2C695&ssl=1","jetpack_sharing_enabled":true,"_links":{"self":[{"href":"https:\/\/cdnoticias.com\/index.php\/wp-json\/wp\/v2\/posts\/135680","targetHints":{"allow":["GET"]}}],"collection":[{"href":"https:\/\/cdnoticias.com\/index.php\/wp-json\/wp\/v2\/posts"}],"about":[{"href":"https:\/\/cdnoticias.com\/index.php\/wp-json\/wp\/v2\/types\/post"}],"author":[{"embeddable":true,"href":"https:\/\/cdnoticias.com\/index.php\/wp-json\/wp\/v2\/users\/96739694"}],"replies":[{"embeddable":true,"href":"https:\/\/cdnoticias.com\/index.php\/wp-json\/wp\/v2\/comments?post=135680"}],"version-history":[{"count":0,"href":"https:\/\/cdnoticias.com\/index.php\/wp-json\/wp\/v2\/posts\/135680\/revisions"}],"wp:featuredmedia":[{"embeddable":true,"href":"https:\/\/cdnoticias.com\/index.php\/wp-json\/wp\/v2\/media\/159958"}],"wp:attachment":[{"href":"https:\/\/cdnoticias.com\/index.php\/wp-json\/wp\/v2\/media?parent=135680"}],"wp:term":[{"taxonomy":"category","embeddable":true,"href":"https:\/\/cdnoticias.com\/index.php\/wp-json\/wp\/v2\/categories?post=135680"},{"taxonomy":"post_tag","embeddable":true,"href":"https:\/\/cdnoticias.com\/index.php\/wp-json\/wp\/v2\/tags?post=135680"}],"curies":[{"name":"wp","href":"https:\/\/api.w.org\/{rel}","templated":true}]}}