{"id":135674,"date":"2024-03-04T19:37:41","date_gmt":"2024-03-04T22:37:41","guid":{"rendered":"https:\/\/centraldeportes.com.ar\/?p=48023"},"modified":"2025-02-12T23:37:49","modified_gmt":"2025-02-13T02:37:49","slug":"el-turismo-pista-disputo-la-segunda-fecha-en-la-plata-con-presencia-olavarriense","status":"publish","type":"post","link":"https:\/\/cdnoticias.com\/index.php\/2024\/03\/04\/el-turismo-pista-disputo-la-segunda-fecha-en-la-plata-con-presencia-olavarriense\/","title":{"rendered":"El Turismo Pista disput\u00f3 la segunda fecha en La Plata con presencia olavarriense"},"content":{"rendered":"<p>Las tres clases del Turismo Pista disputaron la segunda fecha del torneo en el aut\u00f3dromo de la capital provincial y hubo presencia olavarriense. Francisco Su\u00e1rez, Agust\u00edn Mart\u00edn y Tom\u00e1s Pugnaloni festejaron en lo m\u00e1s alto del podio.<!--more--><\/p>\n<hr \/>\n<p>Una nutrida presencia de pilotos olavarrienses se dio, una vez m\u00e1s, en el Turismo Pista, que disput\u00f3 en el \u201cRoberto Mouras\u201d de La Plata la segunda fecha del campeonato.<\/p>\n<p>&nbsp;<\/p>\n\n<p>&nbsp;<\/p>\n<p>En la Clase 1, la victoria fue para Francisco Su\u00e1rez, que fue contundente y repiti\u00f3 el \u00e9xito logrado en la primera del a\u00f1o. La segunda colocaci\u00f3n fue para Juli\u00e1n Mart\u00ednez y tercero arrib\u00f3 Santiago Leguizam\u00f3n.<\/p>\n<p>&nbsp;<\/p>\n<p>Michael Boccagni fue el mejor de los cr\u00e9ditos locales, tuvo una carrera intensa en un pelot\u00f3n dif\u00edcil, y logr\u00f3 superar autos para culminar viendo la bandera a cuadros en el 14\u00ba lugar.<\/p>\n<p>&nbsp;<\/p>\n<p>Ven\u00edan siendo buenas las producciones de Nicol\u00e1s Romero y Nicol\u00e1s Benito, ambos arribaron terceros en sus respectivas series, pero a la hora de la final tuvieron complicaciones. Romero ven\u00eda octavo pero un despiste lo releg\u00f3 al final del pelot\u00f3n y a falta de dos giros recibi\u00f3 un toque que lo oblig\u00f3 a desertar. Benito, por su parte, tuvo que ingresar a boxes en el inicio de la final para cambiar un neum\u00e1tico, esto le hizo perder varias posiciones y aunque termin\u00f3 en el puesto 26\u00ba pudo completar el total de giros.<\/p>\n<p>&nbsp;<\/p>\n<div class=\"tiled-gallery type-rectangular tiled-gallery-unresized\" data-original-width=\"800\" data-carousel-extra='null' itemscope itemtype=\"http:\/\/schema.org\/ImageGallery\" > <div class=\"gallery-row\" style=\"width: 800px; height: 800px;\" data-original-width=\"800\" data-original-height=\"800\" > <div class=\"gallery-group images-1\" style=\"width: 800px; height: 800px;\" data-original-width=\"800\" data-original-height=\"800\" > <div class=\"tiled-gallery-item tiled-gallery-item-large\" itemprop=\"associatedMedia\" itemscope itemtype=\"http:\/\/schema.org\/ImageObject\"> <a href=\"https:\/\/i0.wp.com\/cdnoticias.com\/wp-content\/uploads\/2022\/03\/MTE-viento-en-contra.jpeg?ssl=1\" border=\"0\" itemprop=\"url\"> <meta itemprop=\"width\" content=\"796\"> <meta itemprop=\"height\" content=\"796\"> <img decoding=\"async\" class=\"\" data-attachment-id=\"48024\" data-orig-file=\"https:\/\/cdnoticias.com\/wp-content\/uploads\/2022\/03\/MTE-viento-en-contra.jpeg\" data-orig-size=\"1134,1134\" data-comments-opened=\"\" data-image-meta=\"{&quot;aperture&quot;:&quot;0&quot;,&quot;credit&quot;:&quot;&quot;,&quot;camera&quot;:&quot;&quot;,&quot;caption&quot;:&quot;&quot;,&quot;created_timestamp&quot;:&quot;0&quot;,&quot;copyright&quot;:&quot;&quot;,&quot;focal_length&quot;:&quot;0&quot;,&quot;iso&quot;:&quot;0&quot;,&quot;shutter_speed&quot;:&quot;0&quot;,&quot;title&quot;:&quot;&quot;,&quot;orientation&quot;:&quot;0&quot;}\" data-image-title=\"MTE viento en contra\" data-image-description=\"\" data-medium-file=\"https:\/\/i0.wp.com\/cdnoticias.com\/wp-content\/uploads\/2022\/03\/MTE-viento-en-contra.jpeg?fit=300%2C300&#038;ssl=1\" data-large-file=\"https:\/\/i0.wp.com\/cdnoticias.com\/wp-content\/uploads\/2022\/03\/MTE-viento-en-contra.jpeg?fit=800%2C800&#038;ssl=1\" src=\"https:\/\/i0.wp.com\/cdnoticias.com\/wp-content\/uploads\/2022\/03\/MTE-viento-en-contra.jpeg?w=796&#038;h=796&#038;crop=1&#038;ssl=1\" srcset=\"https:\/\/i0.wp.com\/cdnoticias.com\/wp-content\/uploads\/2022\/03\/MTE-viento-en-contra.jpeg?w=1134&amp;ssl=1 1134w, https:\/\/i0.wp.com\/cdnoticias.com\/wp-content\/uploads\/2022\/03\/MTE-viento-en-contra.jpeg?resize=300%2C300&amp;ssl=1 300w, https:\/\/i0.wp.com\/cdnoticias.com\/wp-content\/uploads\/2022\/03\/MTE-viento-en-contra.jpeg?resize=1024%2C1024&amp;ssl=1 1024w, https:\/\/i0.wp.com\/cdnoticias.com\/wp-content\/uploads\/2022\/03\/MTE-viento-en-contra.jpeg?resize=150%2C150&amp;ssl=1 150w, https:\/\/i0.wp.com\/cdnoticias.com\/wp-content\/uploads\/2022\/03\/MTE-viento-en-contra.jpeg?resize=768%2C768&amp;ssl=1 768w\" width=\"796\" height=\"796\" loading=\"lazy\" data-original-width=\"796\" data-original-height=\"796\" itemprop=\"http:\/\/schema.org\/image\" title=\"MTE viento en contra\" alt=\"MTE viento en contra\" style=\"width: 796px; height: 796px;\" \/> <\/a> <\/div> <\/div> <!-- close group --> <\/div> <!-- close row --> <\/div>\n<p>&nbsp;<\/p>\n<p>Agust\u00edn Mart\u00edn se qued\u00f3 con la victoria en la Clase 2, a bordo del Fiat Uno Way, Fernando Iglesias arrib\u00f3 segundo con motores de Juan Jos\u00e9 Cassou y alcanz\u00f3 la punta del torneo, Franco Nazzi complet\u00f3 el podio.<\/p>\n<p>&nbsp;<\/p>\n<p>En esta divisional estuvo presente Fausto \u201cPirulo\u201d V\u00e1zquez, pero tuvo problemas mec\u00e1nicos en el Corsa que le impidieron clasificar. Fue 14\u00ba en su serie y no pudo formar parte de la final.<\/p>\n<p>&nbsp;<\/p>\n<p>En la Clase 3, Tom\u00e1s Pugnaloni pudo vencer a bordo del Renault Clio. Renzo Cerretti y Adri\u00e1n Oubi\u00f1a completaron el podio.<\/p>\n<p>&nbsp;<\/p>\n<p>Santiago Tambucci, hab\u00eda ganado su serie el d\u00eda s\u00e1bado, pero fue recargado y cay\u00f3 al segundo lugar. La final lo tuvo como protagonista desde el comienzo y se ubic\u00f3 cuarto, pudo saltar a la tercera colocaci\u00f3n hasta que una falla en el Renault Clio le hizo perder varias ubicaciones hasta terminar viendo la bandera con el total de giros en el vig\u00e9simo noveno lugar.<\/p>\n<p>&nbsp;<\/p>\n<p>La tercera fecha de la temporada del Turismo Pista ser\u00e1 el pr\u00f3ximo 14 de abril en el aut\u00f3dromo de Concordia, en la provincia de Entre R\u00edos.<\/p>\n","protected":false},"excerpt":{"rendered":"<p>Las tres clases del Turismo Pista disputaron la segunda fecha del torneo en el aut\u00f3dromo de la capital provincial y<\/p>\n","protected":false},"author":96739694,"featured_media":159853,"comment_status":"closed","ping_status":"closed","sticky":false,"template":"","format":"standard","meta":{"_jetpack_memberships_contains_paid_content":false,"footnotes":""},"categories":[34,1,49],"tags":[],"class_list":["post-135674","post","type-post","status-publish","format-standard","has-post-thumbnail","hentry","category-automovilismo","category-portada","category-turismo-pista"],"jetpack_featured_media_url":"https:\/\/i0.wp.com\/cdnoticias.com\/wp-content\/uploads\/2024\/03\/WhatsApp-Image-2024-03-04-at-19.31.33.jpeg?fit=1250%2C833&ssl=1","jetpack_sharing_enabled":true,"_links":{"self":[{"href":"https:\/\/cdnoticias.com\/index.php\/wp-json\/wp\/v2\/posts\/135674","targetHints":{"allow":["GET"]}}],"collection":[{"href":"https:\/\/cdnoticias.com\/index.php\/wp-json\/wp\/v2\/posts"}],"about":[{"href":"https:\/\/cdnoticias.com\/index.php\/wp-json\/wp\/v2\/types\/post"}],"author":[{"embeddable":true,"href":"https:\/\/cdnoticias.com\/index.php\/wp-json\/wp\/v2\/users\/96739694"}],"replies":[{"embeddable":true,"href":"https:\/\/cdnoticias.com\/index.php\/wp-json\/wp\/v2\/comments?post=135674"}],"version-history":[{"count":0,"href":"https:\/\/cdnoticias.com\/index.php\/wp-json\/wp\/v2\/posts\/135674\/revisions"}],"wp:featuredmedia":[{"embeddable":true,"href":"https:\/\/cdnoticias.com\/index.php\/wp-json\/wp\/v2\/media\/159853"}],"wp:attachment":[{"href":"https:\/\/cdnoticias.com\/index.php\/wp-json\/wp\/v2\/media?parent=135674"}],"wp:term":[{"taxonomy":"category","embeddable":true,"href":"https:\/\/cdnoticias.com\/index.php\/wp-json\/wp\/v2\/categories?post=135674"},{"taxonomy":"post_tag","embeddable":true,"href":"https:\/\/cdnoticias.com\/index.php\/wp-json\/wp\/v2\/tags?post=135674"}],"curies":[{"name":"wp","href":"https:\/\/api.w.org\/{rel}","templated":true}]}}