{"id":135664,"date":"2024-03-02T19:06:39","date_gmt":"2024-03-02T22:06:39","guid":{"rendered":"https:\/\/centraldeportes.com.ar\/?p=47984"},"modified":"2025-02-12T23:38:04","modified_gmt":"2025-02-13T02:38:04","slug":"todo-listo-para-el-arranque-del-torneo-union-deportiva-regional","status":"publish","type":"post","link":"https:\/\/cdnoticias.com\/index.php\/2024\/03\/02\/todo-listo-para-el-arranque-del-torneo-union-deportiva-regional\/","title":{"rendered":"Todo listo para el arranque del Torneo Uni\u00f3n Deportiva Regional"},"content":{"rendered":"<p>Con una primera instancia local, este domingo volver\u00e1 a rodar la pelota en los escenarios olavarrienses con la disputa de cinco partidos.<!--more--><\/p>\n<hr \/>\n<p>Los representantes de la Liga de F\u00fatbol de Olavarr\u00eda, a excepci\u00f3n de Racing y Colonias y Cerros, iniciar\u00e1n este domingo la nueva temporada del <strong>Torneo Uni\u00f3n Deportiva Regional<\/strong> que constar\u00e1 de una primera etapa local y clasificar\u00e1n a la siguiente ronda los primeros cuatro equipos de la tabla de posiciones.<\/p>\n<p>&nbsp;<\/p>\n<p>Las Ligas de Bol\u00edvar, Laprida y Azul proceder\u00e1n con el mismo formato de tal manera que en las fases eliminatorias habr\u00e1 integrantes de las cuatro ligas pertenecientes a la UDR.<\/p>\n<p>&nbsp;<\/p>\n<p>En paralelo, d\u00edas atr\u00e1s en la \u00faltima reuni\u00f3n entre dirigentes, se conoci\u00f3 que <strong>los clasificados olavarrienses se medir\u00e1n en octavos de final contra los cuatro mejores equipos de la liga bolivarense<\/strong>.<\/p>\n<p>&nbsp;<\/p>\n<p>Con respecto a los cruces de la 1\u00b0 fecha, habr\u00e1 cinco partidos en la ciudad. En Villa Alfredo Fortabat, Loma Negra recibir\u00e1 a San Mart\u00edn en otra edici\u00f3n del Cl\u00e1sico de las Sierras, Municipales jugar\u00e1 de local por primera vez en su cancha ante Hinojo y Sierra Chica se medir\u00e1 con Estudiantes en el Pedro Iriart Legorburu.<\/p>\n<p>&nbsp;<\/p>\n<p>Adem\u00e1s, El Fort\u00edn iniciar\u00e1 como local ante Espigas y en el \u00faltimo duelo de la jornada, Embajadores recibir\u00e1 a Ferro en el Clemente Di Carlo. Fue postergado el partido entre Racing y Colonias y Cerros.<\/p>\n<p>&nbsp;<\/p>\n<ul>\n<li>\n<h6><strong>El fixture completo:<\/strong><\/h6>\n<\/li>\n<\/ul>\n<p>&nbsp;<\/p>\n<h6>1\u00b0 fecha<\/h6>\n<p>Loma Negra \u2013 San Mart\u00edn (<strong>14:30 Reserva y 16:30 Primera<\/strong>)<\/p>\n<p>Municipales \u2013 Hinojo (<strong>14:00 Reserva y 16:00 Primera<\/strong>)<\/p>\n<p>El Fort\u00edn \u2013 Espigas (<strong>14:00 Reserva y 16:00 Primera<\/strong>)<\/p>\n<p>Sierra Chica \u2013 Estudiantes (<strong>13:00 Reserva y 17:00 Primera<\/strong>)<\/p>\n<p>Embajadores \u2013 Ferro (<strong>18:00 Reserva y 20:00 Primera<\/strong>)<\/p>\n<p>Racing \u2013 Colonias y Cerros (<strong>Postergado<\/strong>)<\/p>\n<p>&nbsp;<\/p>\n<h6>2\u00b0 fecha<\/h6>\n<p>Espigas \u2013 Loma Negra<\/p>\n<p>San Mart\u00edn \u2013 Municipales<\/p>\n<p>Ferro \u2013 Racing<\/p>\n<p>Hinojo \u2013 Sierra Chica<\/p>\n<p>Colonias y Cerros \u2013 El Fort\u00edn<\/p>\n<p>Estudiantes \u2013 Embajadores<\/p>\n<p>&nbsp;<\/p>\n<h6>3\u00b0 fecha<\/h6>\n<p>Municipales \u2013 Espigas<\/p>\n<p>Ferro \u2013 Estudiantes<\/p>\n<p>Loma Negra \u2013 Colonias y Cerros<\/p>\n<p>El Fort\u00edn \u2013 Racing<\/p>\n<p>Embajadores \u2013 Hinojo<\/p>\n<p>Sierra Chica \u2013 San Mart\u00edn<\/p>\n<p>&nbsp;<\/p>\n<h6>4\u00b0 fecha<\/h6>\n<p>Racing \u2013 Estudiantes<\/p>\n<p>Espigas \u2013 Sierra Chica<\/p>\n<p>San Mart\u00edn \u2013 Embajadores<\/p>\n<p>El Fort\u00edn \u2013 Loma Negra<\/p>\n<p>Hinojo \u2013 Ferro<\/p>\n<p>Colonias y Cerros \u2013 Municipales<\/p>\n<p>&nbsp;<\/p>\n<h6>5\u00b0 fecha<\/h6>\n<p>Municipales \u2013 El Fort\u00edn<\/p>\n<p>Ferro \u2013 San Mart\u00edn<\/p>\n<p>Loma Negra \u2013 Racing<\/p>\n<p>Embajadores \u2013 Espigas<\/p>\n<p>Estudiantes \u2013 Hinojo<\/p>\n<p>Sierra Chica \u2013 Colonias y Cerros<\/p>\n<p>&nbsp;<\/p>\n<h6>6\u00b0 fecha<\/h6>\n<p>Racing \u2013 Hinojo<\/p>\n<p>Espigas \u2013 Ferro<\/p>\n<p>San Mart\u00edn \u2013 Estudiantes<\/p>\n<p>Loma Negra \u2013 Municipales<\/p>\n<p>El Fort\u00edn \u2013 Sierra Chica<\/p>\n<p>Colonias y Cerros \u2013 Embajadores<\/p>\n<p>&nbsp;<\/p>\n<h6>7\u00b0 fecha<\/h6>\n<p>Municipales \u2013 Racing<\/p>\n<p>Ferro \u2013 Colonias y Cerros<\/p>\n<p>Embajadores \u2013 El Fort\u00edn<\/p>\n<p>Hinojo \u2013 San Mart\u00edn<\/p>\n<p>Estudiantes \u2013 Espigas<\/p>\n<p>Sierra Chica \u2013 Loma Negra<\/p>\n<p>&nbsp;<\/p>\n<h6>8\u00b0 fecha<\/h6>\n<p>Racing \u2013 San Mart\u00edn<\/p>\n<p>Espigas \u2013 Hinojo<\/p>\n<p>Municipales \u2013 Sierra Chica<\/p>\n<p>Loma Negra \u2013 Embajadores<\/p>\n<p>El Fort\u00edn \u2013 Ferro<\/p>\n<p>Colonias y Cerros \u2013 Estudiantes<\/p>\n<p>&nbsp;<\/p>\n<h6>9\u00b0 fecha<\/h6>\n<p>San Mart\u00edn \u2013 Espigas<\/p>\n<p>Ferro \u2013 Loma Negra<\/p>\n<p>Embajadores \u2013 Municipales<\/p>\n<p>Hinojo \u2013 Colonias y Cerros<\/p>\n<p>Estudiantes \u2013 El Fort\u00edn<\/p>\n<p>Sierra Chica \u2013 Racing<\/p>\n<p>&nbsp;<\/p>\n<h6>10\u00b0 fecha<\/h6>\n<p>Racing \u2013 Espigas<\/p>\n<p>Municipales \u2013 Ferro<\/p>\n<p>Loma Negra \u2013 Estudiantes<\/p>\n<p>El Fort\u00edn \u2013 Hinojo<\/p>\n<p>Colonias y Cerros \u2013 San Mart\u00edn<\/p>\n<p>Sierra Chica \u2013 Embajadores<\/p>\n<p>&nbsp;<\/p>\n<h6>11\u00b0 fecha<\/h6>\n<p>Espigas \u2013 Colonias y Cerros<\/p>\n<p>San Mart\u00edn \u2013 El Fort\u00edn<\/p>\n<p>Ferro \u2013 Sierra Chica<\/p>\n<p>Embajadores \u2013 Racing<\/p>\n<p>Hinojo \u2013 Loma Negra<\/p>\n<p>Estudiantes \u2013 Municipales<\/p>\n","protected":false},"excerpt":{"rendered":"<p>Con una primera instancia local, este domingo volver\u00e1 a rodar la pelota en los escenarios olavarrienses con la disputa de<\/p>\n","protected":false},"author":96739694,"featured_media":159878,"comment_status":"closed","ping_status":"closed","sticky":false,"template":"","format":"standard","meta":{"_jetpack_memberships_contains_paid_content":false,"footnotes":""},"categories":[35,1,41],"tags":[],"class_list":["post-135664","post","type-post","status-publish","format-standard","has-post-thumbnail","hentry","category-futbol","category-portada","category-primera-y-reserva"],"jetpack_featured_media_url":"https:\/\/i0.wp.com\/cdnoticias.com\/wp-content\/uploads\/2023\/08\/ceo-campeon-20.jpeg?fit=1600%2C1066&ssl=1","jetpack_sharing_enabled":true,"_links":{"self":[{"href":"https:\/\/cdnoticias.com\/index.php\/wp-json\/wp\/v2\/posts\/135664","targetHints":{"allow":["GET"]}}],"collection":[{"href":"https:\/\/cdnoticias.com\/index.php\/wp-json\/wp\/v2\/posts"}],"about":[{"href":"https:\/\/cdnoticias.com\/index.php\/wp-json\/wp\/v2\/types\/post"}],"author":[{"embeddable":true,"href":"https:\/\/cdnoticias.com\/index.php\/wp-json\/wp\/v2\/users\/96739694"}],"replies":[{"embeddable":true,"href":"https:\/\/cdnoticias.com\/index.php\/wp-json\/wp\/v2\/comments?post=135664"}],"version-history":[{"count":0,"href":"https:\/\/cdnoticias.com\/index.php\/wp-json\/wp\/v2\/posts\/135664\/revisions"}],"wp:featuredmedia":[{"embeddable":true,"href":"https:\/\/cdnoticias.com\/index.php\/wp-json\/wp\/v2\/media\/159878"}],"wp:attachment":[{"href":"https:\/\/cdnoticias.com\/index.php\/wp-json\/wp\/v2\/media?parent=135664"}],"wp:term":[{"taxonomy":"category","embeddable":true,"href":"https:\/\/cdnoticias.com\/index.php\/wp-json\/wp\/v2\/categories?post=135664"},{"taxonomy":"post_tag","embeddable":true,"href":"https:\/\/cdnoticias.com\/index.php\/wp-json\/wp\/v2\/tags?post=135664"}],"curies":[{"name":"wp","href":"https:\/\/api.w.org\/{rel}","templated":true}]}}