{"id":135662,"date":"2024-03-02T14:28:31","date_gmt":"2024-03-02T17:28:31","guid":{"rendered":"https:\/\/centraldeportes.com.ar\/?p=47976"},"modified":"2025-02-12T23:38:08","modified_gmt":"2025-02-13T02:38:08","slug":"tener-tu-propio-estadio-es-estar-en-tu-casa","status":"publish","type":"post","link":"https:\/\/cdnoticias.com\/index.php\/2024\/03\/02\/tener-tu-propio-estadio-es-estar-en-tu-casa\/","title":{"rendered":"\u201cTener tu propio estadio es estar en tu casa\u201d"},"content":{"rendered":"\n<div class=\"wp-block-group is-layout-constrained wp-block-group-is-layout-constrained\">\n<p>Indic\u00f3 el t\u00e9cnico de Municipales, Gabriel Senzacqua, en la previa del debut oficial frente a Hinojo por la 1\u00b0 fecha del Uni\u00f3n Deportiva Regional.<!--more--><\/p>\n<hr \/>\n<p>El<strong> Club Social y Deportivo Municipales<\/strong> vivir\u00e1 este domingo por la tarde una memorable jornada que marcar\u00e1 otro \u00edtem en su joven historia como instituci\u00f3n del f\u00fatbol olavarriense. Es que<strong> luego de un arduo trabajo de gesti\u00f3n y cumplimiento con todos los requisitos para la habilitaci\u00f3n, el equipo de Gabriel Senzacqua comenzar\u00e1 a disputar los partidos de local en su propia cancha<\/strong>.<\/p>\n<p>\u00a0<\/p>\n<p>En el marco de la 1\u00b0 fecha de la etapa local del Torneo Uni\u00f3n Deportiva Regional, <strong>Municipales, que estrenar\u00e1 tambi\u00e9n indumentaria, enfrentar\u00e1 a Hinojo en el Estadio \u201cJos\u00e9 Salvador Stuppia\u201d<\/strong> desde las 14:00 en Reserva y las 16:00 en Primera Divisi\u00f3n.<\/p>\n<p>\u00a0<\/p>\n<p>\u201c<em><strong>Es un enorme avance, el estar en tu cancha, en tu lugar, es la misma sensaci\u00f3n que cuando est\u00e1s en tu casa<\/strong>, esos espacios que uno conoce de memoria donde est\u00e1 cada cosa<\/em>\u201d, destac\u00f3 el t\u00e9cnico en una exclusiva entrevista concedida a la prensa oficial del sindicato.<\/p>\n<p>\u00a0<\/p>\n<p>En paralelo, Senzacqua se refiri\u00f3 a los \u00faltimos meses de trabajo en el club desde que asumi\u00f3: \u201c<strong><em>Fue una gran oportunidad y un placer trabajar con Fatiga <\/em>\u2013 Russo<em> \u2013 a quien tuve como entrenador en Racing en dos oportunidades y me marc\u00f3 much\u00edsimo<\/em><\/strong>\u201d, resalt\u00f3 el ex arquero y luego agreg\u00f3: \u201c<em>Siempre compart\u00ed su filosof\u00eda futbol\u00edstica, sus modos de manejarse en la vida y hoy poder seguir trabajando codo a codo es espectacular<\/em>\u201d, valor\u00f3.<\/p>\n<p>\u00a0<\/p>\n<p>Con un plantel renovado tras la salida de varios jugadores y otro que han llegado para la inminente temporada, Municipales buscar\u00e1 repetir lo conseguido el a\u00f1o pasado a nivel regional: \u201c<em>Estoy muy conforme con el trabajo que pudimos hacer y con el grupo que hemos conformado. <strong>En los amistosos que jugamos se vio que somos competitivos y que estamos a la altura de las exigencias<\/strong><\/em>\u201d, concluy\u00f3.<\/p>\n<p>\u00a0<\/p>\n<p><em><strong>Fuente: Prensa del STMO.<\/strong><\/em><\/p>\n<\/div>\n","protected":false},"excerpt":{"rendered":"<p>Indic\u00f3 el t\u00e9cnico de Municipales, Gabriel Senzacqua, en la previa del debut oficial frente a Hinojo por la 1\u00b0 fecha<\/p>\n","protected":false},"author":96739694,"featured_media":155013,"comment_status":"closed","ping_status":"closed","sticky":false,"template":"","format":"standard","meta":{"_jetpack_memberships_contains_paid_content":false,"footnotes":""},"categories":[35,1,41],"tags":[],"class_list":["post-135662","post","type-post","status-publish","format-standard","has-post-thumbnail","hentry","category-futbol","category-portada","category-primera-y-reserva"],"jetpack_featured_media_url":"https:\/\/i0.wp.com\/cdnoticias.com\/wp-content\/uploads\/2023\/04\/ferro-estrella-10.jpeg?fit=1600%2C1066&ssl=1","jetpack_sharing_enabled":true,"_links":{"self":[{"href":"https:\/\/cdnoticias.com\/index.php\/wp-json\/wp\/v2\/posts\/135662","targetHints":{"allow":["GET"]}}],"collection":[{"href":"https:\/\/cdnoticias.com\/index.php\/wp-json\/wp\/v2\/posts"}],"about":[{"href":"https:\/\/cdnoticias.com\/index.php\/wp-json\/wp\/v2\/types\/post"}],"author":[{"embeddable":true,"href":"https:\/\/cdnoticias.com\/index.php\/wp-json\/wp\/v2\/users\/96739694"}],"replies":[{"embeddable":true,"href":"https:\/\/cdnoticias.com\/index.php\/wp-json\/wp\/v2\/comments?post=135662"}],"version-history":[{"count":0,"href":"https:\/\/cdnoticias.com\/index.php\/wp-json\/wp\/v2\/posts\/135662\/revisions"}],"wp:featuredmedia":[{"embeddable":true,"href":"https:\/\/cdnoticias.com\/index.php\/wp-json\/wp\/v2\/media\/155013"}],"wp:attachment":[{"href":"https:\/\/cdnoticias.com\/index.php\/wp-json\/wp\/v2\/media?parent=135662"}],"wp:term":[{"taxonomy":"category","embeddable":true,"href":"https:\/\/cdnoticias.com\/index.php\/wp-json\/wp\/v2\/categories?post=135662"},{"taxonomy":"post_tag","embeddable":true,"href":"https:\/\/cdnoticias.com\/index.php\/wp-json\/wp\/v2\/tags?post=135662"}],"curies":[{"name":"wp","href":"https:\/\/api.w.org\/{rel}","templated":true}]}}