{"id":135656,"date":"2024-03-01T13:33:37","date_gmt":"2024-03-01T16:33:37","guid":{"rendered":"https:\/\/centraldeportes.com.ar\/?p=47934"},"modified":"2025-02-12T23:38:20","modified_gmt":"2025-02-13T02:38:20","slug":"presentaron-oficialmente-la-10-temporada-de-colonias-y-cerros","status":"publish","type":"post","link":"https:\/\/cdnoticias.com\/index.php\/2024\/03\/01\/presentaron-oficialmente-la-10-temporada-de-colonias-y-cerros\/","title":{"rendered":"Presentaron oficialmente la 10\u00b0 temporada de Colonias y Cerros"},"content":{"rendered":"<p>Colonias y Cerros lanz\u00f3 oficialmente una nueva temporada de la liga de f\u00fatbol amateur m\u00e1s convocante de Olavarr\u00eda.<!--more--><\/p>\n<hr \/>\n<p>Marcelo Gadea, fundador de la competencia y el resto del equipo de trabajo realiz\u00f3 el lanzamiento de una nueva temporada de Colonias y Cerros.<\/p>\n<p>&nbsp;<\/p>\n<p>[soliloquy id=&#8221;47936&#8243;]<\/p>\n<p>&nbsp;<\/p>\n<p>Ser\u00e1n 18 equipos que animar\u00e1n la competencia en dos zonas de 9 equipos para la categor\u00eda 35 en el primer torneo del a\u00f1o.<\/p>\n<p>&nbsp;<\/p>\n<p>La conferencia de prensa se realiz\u00f3 en un local comercial donde se agradeci\u00f3 a los participantes, los sponsors y dem\u00e1s personas que hacen posible la realizaci\u00f3n del certamen que se jugar\u00e1 principalmente en las canchas del Complejo La Tradici\u00f3n.<\/p>\n","protected":false},"excerpt":{"rendered":"<p>Colonias y Cerros lanz\u00f3 oficialmente una nueva temporada de la liga de f\u00fatbol amateur m\u00e1s convocante de Olavarr\u00eda.<\/p>\n","protected":false},"author":96739694,"featured_media":159899,"comment_status":"closed","ping_status":"closed","sticky":false,"template":"","format":"standard","meta":{"_jetpack_memberships_contains_paid_content":false,"footnotes":""},"categories":[45,35,1],"tags":[],"class_list":["post-135656","post","type-post","status-publish","format-standard","has-post-thumbnail","hentry","category-colonias-y-cerros","category-futbol","category-portada"],"jetpack_featured_media_url":"https:\/\/i0.wp.com\/cdnoticias.com\/wp-content\/uploads\/2024\/03\/cyc-11.jpg?fit=1280%2C853&ssl=1","jetpack_sharing_enabled":true,"_links":{"self":[{"href":"https:\/\/cdnoticias.com\/index.php\/wp-json\/wp\/v2\/posts\/135656","targetHints":{"allow":["GET"]}}],"collection":[{"href":"https:\/\/cdnoticias.com\/index.php\/wp-json\/wp\/v2\/posts"}],"about":[{"href":"https:\/\/cdnoticias.com\/index.php\/wp-json\/wp\/v2\/types\/post"}],"author":[{"embeddable":true,"href":"https:\/\/cdnoticias.com\/index.php\/wp-json\/wp\/v2\/users\/96739694"}],"replies":[{"embeddable":true,"href":"https:\/\/cdnoticias.com\/index.php\/wp-json\/wp\/v2\/comments?post=135656"}],"version-history":[{"count":0,"href":"https:\/\/cdnoticias.com\/index.php\/wp-json\/wp\/v2\/posts\/135656\/revisions"}],"wp:featuredmedia":[{"embeddable":true,"href":"https:\/\/cdnoticias.com\/index.php\/wp-json\/wp\/v2\/media\/159899"}],"wp:attachment":[{"href":"https:\/\/cdnoticias.com\/index.php\/wp-json\/wp\/v2\/media?parent=135656"}],"wp:term":[{"taxonomy":"category","embeddable":true,"href":"https:\/\/cdnoticias.com\/index.php\/wp-json\/wp\/v2\/categories?post=135656"},{"taxonomy":"post_tag","embeddable":true,"href":"https:\/\/cdnoticias.com\/index.php\/wp-json\/wp\/v2\/tags?post=135656"}],"curies":[{"name":"wp","href":"https:\/\/api.w.org\/{rel}","templated":true}]}}