{"id":135641,"date":"2024-02-27T06:36:25","date_gmt":"2024-02-27T09:36:25","guid":{"rendered":"https:\/\/centraldeportes.com.ar\/?p=47872"},"modified":"2024-02-27T06:36:25","modified_gmt":"2024-02-27T09:36:25","slug":"embajadores-se-corono-campeon-de-la-copa-tony-pelliccioni-2","status":"publish","type":"post","link":"https:\/\/cdnoticias.com\/index.php\/2024\/02\/27\/embajadores-se-corono-campeon-de-la-copa-tony-pelliccioni-2\/","title":{"rendered":"Embajadores se coron\u00f3 campe\u00f3n de la Copa \u201cTony Pelliccioni\u201d"},"content":{"rendered":"<p>La definici\u00f3n de la Superfinal fue para el CEO, que se impuso nuevamente en los penales tras igualar 0 a 0 ante Racing y se qued\u00f3 con el t\u00edtulo en el Domingo Colasurdo.<!--more--><\/p>\n<hr \/>\n<p>El Club <strong>Embajadores se convirti\u00f3 en el Supercampe\u00f3n del f\u00fatbol olavarriense luego de superar a Racing otra vez en los penales<\/strong>, tal como sucedi\u00f3 en la<a href=\"https:\/\/centraldeportes.com.ar\/embajadores-festejo-en-los-penales-y-se-quedo-con-el-play-off-del-torneo-oficial\/\"> definici\u00f3n del Play-Off<\/a> en diciembre pasado. Esta vez, el partido consagratorio se llev\u00f3 adelante en cancha de Ferro Carril Sud ante un concurrente marco de p\u00fablico de ambas parcialidades que se acercaron este lunes por la noche a disfrutar del encuentro.<\/p>\n<p>&nbsp;<\/p>\n<p>No obstante, en lo futbol\u00edstico, pes\u00f3 quiz\u00e1 la falta de ritmo, aunque no faltaron las oportunidades de gol para los dos. <strong>En tiempo reglamentario ambos igualaron sin goles, pero en la tanda decisiva, los de Valderrey vencieron al \u201cChaira\u201d por 4 a 3<\/strong> y comenzaron el a\u00f1o con un t\u00edtulo en el bolsillo.<\/p>\n<p>&nbsp;<\/p>\n<ul>\n<li>\n<h6><strong>Detalles del partido<\/strong><\/h6>\n<\/li>\n<\/ul>\n<p>&nbsp;<\/p>\n<p>Si bien el encuentro en l\u00edneas generales fue de tr\u00e1mite parejo, en los primeros 45 minutos se not\u00f3 m\u00e1s, pese a que los dirigidos por el \u201cChueco\u201d Garc\u00eda Lorenzo tuvieron m\u00e1s soltura en terreno rival con las subidas de Ju\u00e1rez y el desequilibrio de Daffara en la posici\u00f3n de enlace.<\/p>\n<p>&nbsp;<\/p>\n<p>Embajadores, f\u00e9rreo en la marca, avis\u00f3 primero reci\u00e9n a los 31\u2019 por intermedio de Sacchi, quien asistido por Di Carlo busc\u00f3 el remate de media distancia que finaliz\u00f3 en las manos de Vivas. A la par, el susto de la noche fue el choque de cabezas entre Areco y Chevrot, donde el jugador del CEO se llev\u00f3 la peor parte, pero ante el r\u00e1pido accionar de los colaboradores logr\u00f3 reponerse y continu\u00f3 en cancha.<\/p>\n<p>&nbsp;<\/p>\n<p>El \u201cChaira\u201d tambi\u00e9n cont\u00f3 con una clara oportunidad que le pudo haber permitido irse al vestuario con la ventaja. En una salida poco fortuita para Rizzi (se le escap\u00f3 la pelota tras la salida), Vitale devolvi\u00f3 la pelota al recinto, Ordozgoiti de pasada le peg\u00f3 de taco y sobre la l\u00ednea rechaz\u00f3 Areco para salvar a su equipo.<\/p>\n<p>&nbsp;<\/p>\n<p>[soliloquy id=&#8221;47852&#8243;]<\/p>\n<p>&nbsp;<\/p>\n<p>Posteriormente, la parte complementaria arranc\u00f3 con buenas expectativas, pero poco a poco se fue desinflando futbol\u00edsticamente porque hubo escasas situaciones y los dos equipos estuvieron imprecisos para triangular. Pol\u00e9mica hubo a los 47\u2019, con un penal de Chevrot sobre Scipioni (carga excesiva por detr\u00e1s) que el \u00e1rbitro no advirti\u00f3 y pudo haber sido una oportuna chance para los de Valderrey.<\/p>\n<p>&nbsp;<\/p>\n<p>En Racing, la situaci\u00f3n quiz\u00e1 m\u00e1s peligrosa que tuvo fue a los 57\u2019, evitada por un cierre providencial de Di Bello, que se interpuso al cabezazo de Daffara con destino de gol. Luego de eso, poco sucedi\u00f3 en el reducto \u201cCarbonero\u201d.<\/p>\n<p>&nbsp;<\/p>\n<p>El \u201cChaira\u201d pese a que movi\u00f3 el tablero t\u00e1ctico, no consigui\u00f3 sortear a la defensa de Embajadores que tuvo un buen desempe\u00f1o. Y as\u00ed, el tiempo se consumi\u00f3 y todo se resolvi\u00f3 en la definici\u00f3n desde el punto penal, con el arco que da de espaldas a la calle Balcarce y con una inexorable actuaci\u00f3n de Rizzi en tal instancia, el conjunto de la avenida Avellaneda se consagr\u00f3 Supercampe\u00f3n a d\u00edas del comienzo de la temporada oficial 2024.<\/p>\n<hr \/>\n<h6><strong>Tanda de penales (comenz\u00f3 pateando Racing):<\/strong><\/h6>\n<p><strong>Embajadores (4):<\/strong> Di Carlo (X &#8211; ataj\u00f3 Vivas), Carlucci (\u221a), Maguna (\u221a), Scipioni (\u221a) y Rizzi (\u221a).<\/p>\n<p><strong>Racing (3):<\/strong> Ordozgoiti (\u221a), Daffara (\u221a), Izaguirre (X &#8211; desviado), Garabento (\u221a &#8211; ataj\u00f3 Rizzi) y F. Kolman (\u221a).<\/p>\n<hr \/>\n<p><strong>S\u00edntesis Embajadores \u2013 Racing: \u00a0<\/strong><\/p>\n<p><strong>Embajadores (0):<\/strong> Gonzalo Rizzi; Bruno Di Bello, Federico Sacher (L. Sasali), Franco Carlucci, Facundo Soto; Emilio Scipioni, Juan Cruz Areco, Esteban G\u00f3mez (M. Maguna); Franco Fern\u00e1ndez (F. Carneri), Santino Sacchi y Alejo Di Carlo. DT: Marcos Valderrey.<\/p>\n<p><strong>Racing (0): <\/strong>Rodrigo Vivas; Maximiliano Chevrot (F. Tucker), Santiago Izaguirre, Leonardo Vitale, Pablo Mujica; Yoel Ju\u00e1rez, Manuel Scacheri, Alejandro Cataldi (F. Kolman), Mat\u00edas Ordozgoiti; Nicol\u00e1s Daffara y Rom\u00e1n Garabento. DT: David Garc\u00eda Lorenzo.<\/p>\n<p><strong>Goles<\/strong>: No hubo.<\/p>\n<p><strong>Incidencias:<\/strong> Embajadores venci\u00f3 4 \u2013 3 en los penales a Racing.<\/p>\n<p><strong>Amonestados<\/strong>: Soto y Di Bello (Embajadores); Mujica, Vitale y Scacheri (Racing).<\/p>\n<p><strong>Expulsados<\/strong>: 26m. ST Bruno Di Carlo \u2013 PF \u2013 (CEO).<\/p>\n<p><strong>\u00c1rbitro<\/strong>: Marcos Palavecino. <strong>Estadio<\/strong>: Domingo F. Colasurdo.<\/p>\n","protected":false},"excerpt":{"rendered":"<p>La definici\u00f3n de la Superfinal fue para el CEO, que se impuso nuevamente en los penales tras igualar 0 a<\/p>\n","protected":false},"author":96739695,"featured_media":47859,"comment_status":"closed","ping_status":"closed","sticky":false,"template":"","format":"standard","meta":{"_jetpack_memberships_contains_paid_content":false,"footnotes":""},"categories":[35,1,41],"tags":[],"class_list":["post-135641","post","type-post","status-publish","format-standard","has-post-thumbnail","hentry","category-futbol","category-portada","category-primera-y-reserva"],"jetpack_featured_media_url":"","jetpack_sharing_enabled":true,"_links":{"self":[{"href":"https:\/\/cdnoticias.com\/index.php\/wp-json\/wp\/v2\/posts\/135641","targetHints":{"allow":["GET"]}}],"collection":[{"href":"https:\/\/cdnoticias.com\/index.php\/wp-json\/wp\/v2\/posts"}],"about":[{"href":"https:\/\/cdnoticias.com\/index.php\/wp-json\/wp\/v2\/types\/post"}],"author":[{"embeddable":true,"href":"https:\/\/cdnoticias.com\/index.php\/wp-json\/wp\/v2\/users\/96739695"}],"replies":[{"embeddable":true,"href":"https:\/\/cdnoticias.com\/index.php\/wp-json\/wp\/v2\/comments?post=135641"}],"version-history":[{"count":0,"href":"https:\/\/cdnoticias.com\/index.php\/wp-json\/wp\/v2\/posts\/135641\/revisions"}],"wp:featuredmedia":[{"embeddable":true,"href":"https:\/\/cdnoticias.com\/index.php\/wp-json\/"}],"wp:attachment":[{"href":"https:\/\/cdnoticias.com\/index.php\/wp-json\/wp\/v2\/media?parent=135641"}],"wp:term":[{"taxonomy":"category","embeddable":true,"href":"https:\/\/cdnoticias.com\/index.php\/wp-json\/wp\/v2\/categories?post=135641"},{"taxonomy":"post_tag","embeddable":true,"href":"https:\/\/cdnoticias.com\/index.php\/wp-json\/wp\/v2\/tags?post=135641"}],"curies":[{"name":"wp","href":"https:\/\/api.w.org\/{rel}","templated":true}]}}