{"id":135638,"date":"2024-02-25T20:37:43","date_gmt":"2024-02-25T23:37:43","guid":{"rendered":"https:\/\/centraldeportes.com.ar\/?p=47841"},"modified":"2025-02-12T23:36:26","modified_gmt":"2025-02-13T02:36:26","slug":"de-la-vega-tras-su-debut-en-la-mls-todo-el-equipo-confio-en-mi-me-dijeron-que-le-pegue-yo","status":"publish","type":"post","link":"https:\/\/cdnoticias.com\/index.php\/2024\/02\/25\/de-la-vega-tras-su-debut-en-la-mls-todo-el-equipo-confio-en-mi-me-dijeron-que-le-pegue-yo\/","title":{"rendered":"De la Vega tras su debut en la MLS: \u201cTodo el equipo confi\u00f3 en m\u00ed, me dijeron que le pegue yo\u201d"},"content":{"rendered":"<p>\u201cPepo\u201d, autor del descuento de Seattle Sounders, habl\u00f3 en el post partido y brind\u00f3 sus declaraciones luego de la derrota ante Los \u00c1ngeles FC en la fecha estreno.<!--more--><\/p>\n<hr \/>\n<p>\u201cLos Sounders\u201d no comenzaron la temporada de la mejor manera debido a la derrota 2 a 1 a manos de Los \u00c1ngeles, pero en lo individual, el olavarriense <strong>Pedro De la Vega logr\u00f3 jugar sus primeros minutos en la liga y hasta tuvo su<\/strong> <a href=\"https:\/\/cdnoticias.com\/pedro-de-la-vega-debuto-con-gol-en-la-major-league-soccer\/\">estreno en la red<\/a>.<\/p>\n<p>&nbsp;<\/p>\n<p>\u201c<em><strong>Contento por el debut y obviamente enojado tambi\u00e9n por el resultado<\/strong>. Uno quiere ganar, m\u00e1s el primer partido<\/em>\u201d, declar\u00f3 \u201cPepo\u201d ante la prensa de Seattle y luego agreg\u00f3: \u201c<strong><em>Se vieron cosas buenas, fue un partido parejo y hasta lo \u00faltimo buscamos el empate. Hay muchas cosas tambi\u00e9n por corregir<\/em><\/strong>\u201d.<\/p>\n<p>&nbsp;<\/p>\n<p>El ex Lan\u00fas ingres\u00f3 a los 18\u2019 del segundo tiempo y, diez minutos despu\u00e9s, convirti\u00f3 el 1 \u2013 2 desde el tiro penal: \u201c<strong><em>Todo el equipo confi\u00f3 en m\u00ed, me dijeron que le pegue yo, era un gol importante porque era descontar y ten\u00edamos tiempo de empatar<\/em><\/strong>\u201d, sostuvo.<\/p>\n<p>&nbsp;<\/p>\n<blockquote><p>\u201cEstaba tranquilo, lo mir\u00e9 a Lloris, pero sab\u00eda que ten\u00eda jugado ese palo y decid\u00ed abrir el pie\u201d<\/p><\/blockquote>\n<p>&nbsp;<\/p>\n<p>En cuanto a sus primeros minutos en otra liga, De la Vega afirm\u00f3: \u201c<strong><em>Me sent\u00ed bien en lo futbol\u00edstico, pero ven\u00eda sin mucho ritmo de juego y desde ese lado necesito mejorar porque sent\u00ed que no estaba din\u00e1mico<\/em><\/strong>\u201d, respondi\u00f3 con autocr\u00edtica en el cierre de la entrevista.<\/p>\n<p>&nbsp;<\/p>\n<p><em><strong>Fuente: Seattle Sounders.<\/strong><\/em><\/p>\n","protected":false},"excerpt":{"rendered":"<p>\u201cPepo\u201d, autor del descuento de Seattle Sounders, habl\u00f3 en el post partido y brind\u00f3 sus declaraciones luego de la derrota<\/p>\n","protected":false},"author":96739694,"featured_media":159824,"comment_status":"closed","ping_status":"closed","sticky":false,"template":"","format":"standard","meta":{"_jetpack_memberships_contains_paid_content":false,"footnotes":""},"categories":[37,1],"tags":[],"class_list":["post-135638","post","type-post","status-publish","format-standard","has-post-thumbnail","hentry","category-futbol-profesional","category-portada"],"jetpack_featured_media_url":"https:\/\/i0.wp.com\/cdnoticias.com\/wp-content\/uploads\/2024\/02\/Pedro-De-la-Vega-en-Seattle-e1708904313576.jpeg?fit=720%2C430&ssl=1","jetpack_sharing_enabled":true,"_links":{"self":[{"href":"https:\/\/cdnoticias.com\/index.php\/wp-json\/wp\/v2\/posts\/135638","targetHints":{"allow":["GET"]}}],"collection":[{"href":"https:\/\/cdnoticias.com\/index.php\/wp-json\/wp\/v2\/posts"}],"about":[{"href":"https:\/\/cdnoticias.com\/index.php\/wp-json\/wp\/v2\/types\/post"}],"author":[{"embeddable":true,"href":"https:\/\/cdnoticias.com\/index.php\/wp-json\/wp\/v2\/users\/96739694"}],"replies":[{"embeddable":true,"href":"https:\/\/cdnoticias.com\/index.php\/wp-json\/wp\/v2\/comments?post=135638"}],"version-history":[{"count":0,"href":"https:\/\/cdnoticias.com\/index.php\/wp-json\/wp\/v2\/posts\/135638\/revisions"}],"wp:featuredmedia":[{"embeddable":true,"href":"https:\/\/cdnoticias.com\/index.php\/wp-json\/wp\/v2\/media\/159824"}],"wp:attachment":[{"href":"https:\/\/cdnoticias.com\/index.php\/wp-json\/wp\/v2\/media?parent=135638"}],"wp:term":[{"taxonomy":"category","embeddable":true,"href":"https:\/\/cdnoticias.com\/index.php\/wp-json\/wp\/v2\/categories?post=135638"},{"taxonomy":"post_tag","embeddable":true,"href":"https:\/\/cdnoticias.com\/index.php\/wp-json\/wp\/v2\/tags?post=135638"}],"curies":[{"name":"wp","href":"https:\/\/api.w.org\/{rel}","templated":true}]}}