{"id":135635,"date":"2024-02-25T15:10:57","date_gmt":"2024-02-25T18:10:57","guid":{"rendered":"https:\/\/centraldeportes.com.ar\/?p=47829"},"modified":"2025-02-12T23:36:30","modified_gmt":"2025-02-13T02:36:30","slug":"reserva-afa-cardillo-volvio-a-convertir-y-hubo-otras-dos-presencias-locales","status":"publish","type":"post","link":"https:\/\/cdnoticias.com\/index.php\/2024\/02\/25\/reserva-afa-cardillo-volvio-a-convertir-y-hubo-otras-dos-presencias-locales\/","title":{"rendered":"Reserva AFA: Cardillo volvi\u00f3 a convertir y hubo otras dos presencias locales"},"content":{"rendered":"<p>El volante de Lan\u00fas colabor\u00f3 en la victoria \u201cGranate\u201d sobre Godoy Cruz por la 2\u00b0 fecha de la Copa Proyecci\u00f3n. Adem\u00e1s, Mend\u00eda y Salle fueron de la partida en Boca e Independiente respectivamente.<!--more--><\/p>\n<hr \/>\n<p>La categor\u00eda preliminar de AFA retom\u00f3 la acci\u00f3n de la <strong>Copa Proyecci\u00f3n<\/strong> y, entre mi\u00e9rcoles y jueves pasado, disput\u00f3 la <strong>2\u00b0 fecha del certamen<\/strong> <strong>con triple participaci\u00f3n de olavarrienses<\/strong>.<\/p>\n<p>&nbsp;<\/p>\n<p>Sin la presencia de Lucio Falasco en Godoy Cruz, Lan\u00fas se impuso 4 a 2 en condici\u00f3n de local con aporte goleador de <strong>Mauricio Cardillo<\/strong>. El volante surgido de Embajadores fue titular y<strong> a los 35\u2019 del primer tiempo abri\u00f3 la cuenta para el posterior triunfo \u201cGranate\u201d<\/strong>. M\u00e1s tarde, a los 35\u2019 del segundo tiempo, sali\u00f3 reemplazado por Alan Galeano.<\/p>\n<p>&nbsp;<\/p>\n\n<p>&nbsp;<\/p>\n<p>A la par, en el Jos\u00e9 Dellagiovanna, Boca Juniors visit\u00f3 a Tigre con <strong>Mateo Mend\u00eda<\/strong> desde el arranque y ambos terminaron repartiendo puntos luego de igualar 0 a 0. A su vez, el defensor complet\u00f3 todo el encuentro.<\/p>\n<p>&nbsp;<\/p>\n<p>El que no pudo sumar en la jornada fue <strong>Santiago Salle<\/strong> con Independiente. En el Libertadores de Am\u00e9rica, el \u201cRojo\u201d cay\u00f3 1 a 0 ante Hurac\u00e1n y sum\u00f3 su primera ca\u00edda en el campeonato.<\/p>\n<p>&nbsp;<\/p>\n\n<p>&nbsp;<\/p>\n<p>En la pr\u00f3xima fecha, Lan\u00fas visitar\u00e1 a Defensa y Justicia, Boca recibir\u00e1 a Independiente en un posible choque de olavarrienses y Godoy Cruz har\u00e1 lo propio contra Talleres.<\/p>\n<p>&nbsp;<\/p>\n<p><em><strong>Foto: Club Lan\u00fas Oficial.<\/strong><\/em><\/p>\n","protected":false},"excerpt":{"rendered":"<p>El volante de Lan\u00fas colabor\u00f3 en la victoria \u201cGranate\u201d sobre Godoy Cruz por la 2\u00b0 fecha de la Copa Proyecci\u00f3n.<\/p>\n","protected":false},"author":96739694,"featured_media":159831,"comment_status":"closed","ping_status":"closed","sticky":false,"template":"","format":"standard","meta":{"_jetpack_memberships_contains_paid_content":false,"footnotes":""},"categories":[37,1],"tags":[],"class_list":["post-135635","post","type-post","status-publish","format-standard","has-post-thumbnail","hentry","category-futbol-profesional","category-portada"],"jetpack_featured_media_url":"https:\/\/i0.wp.com\/cdnoticias.com\/wp-content\/uploads\/2024\/02\/Cardillo-Lanus-Reserva-AFA-e1708884523599.jpg?fit=1000%2C615&ssl=1","jetpack_sharing_enabled":true,"_links":{"self":[{"href":"https:\/\/cdnoticias.com\/index.php\/wp-json\/wp\/v2\/posts\/135635","targetHints":{"allow":["GET"]}}],"collection":[{"href":"https:\/\/cdnoticias.com\/index.php\/wp-json\/wp\/v2\/posts"}],"about":[{"href":"https:\/\/cdnoticias.com\/index.php\/wp-json\/wp\/v2\/types\/post"}],"author":[{"embeddable":true,"href":"https:\/\/cdnoticias.com\/index.php\/wp-json\/wp\/v2\/users\/96739694"}],"replies":[{"embeddable":true,"href":"https:\/\/cdnoticias.com\/index.php\/wp-json\/wp\/v2\/comments?post=135635"}],"version-history":[{"count":0,"href":"https:\/\/cdnoticias.com\/index.php\/wp-json\/wp\/v2\/posts\/135635\/revisions"}],"wp:featuredmedia":[{"embeddable":true,"href":"https:\/\/cdnoticias.com\/index.php\/wp-json\/wp\/v2\/media\/159831"}],"wp:attachment":[{"href":"https:\/\/cdnoticias.com\/index.php\/wp-json\/wp\/v2\/media?parent=135635"}],"wp:term":[{"taxonomy":"category","embeddable":true,"href":"https:\/\/cdnoticias.com\/index.php\/wp-json\/wp\/v2\/categories?post=135635"},{"taxonomy":"post_tag","embeddable":true,"href":"https:\/\/cdnoticias.com\/index.php\/wp-json\/wp\/v2\/tags?post=135635"}],"curies":[{"name":"wp","href":"https:\/\/api.w.org\/{rel}","templated":true}]}}