{"id":135622,"date":"2024-02-23T10:01:04","date_gmt":"2024-02-23T13:01:04","guid":{"rendered":"https:\/\/centraldeportes.com.ar\/?p=47757"},"modified":"2025-02-12T23:35:28","modified_gmt":"2025-02-13T02:35:28","slug":"el-torneo-comercial-fue-para-udalem","status":"publish","type":"post","link":"https:\/\/cdnoticias.com\/index.php\/2024\/02\/23\/el-torneo-comercial-fue-para-udalem\/","title":{"rendered":"El Torneo Comercial fue para Udalem"},"content":{"rendered":"<p>Udalem se consagr\u00f3 campe\u00f3n de una nueva edici\u00f3n del Torneo Comercial organizado por la Subcomisi\u00f3n de B\u00e1squet del Club Pueblo Nuevo que lleg\u00f3 a su fin este jueves con un muy buen espect\u00e1culo y gran marco de p\u00fablico.<\/p>\n<p><!--more--><\/p>\n<hr \/>\n<p>Udalem y Gimnasio One llegaron al \u00faltimo partido de la competencia veraniega, luego de imponerse en las Semifinales del pasado martes y este jueves con un gran marco de p\u00fablico expectante de un buen show, no defraudaron. Fue triunfo por 83 a 79 para Udalem que se inscribe en la lista de ganadores del certamen.<\/p>\n<p>&nbsp;<\/p>\n<p>El equipo del gimnasio domin\u00f3 en la primera mitad, pero nunca logr\u00f3 escaparse en el resultado para controlar tranquilamente las acciones y en la segunda mitad, los nuevos campeones lograron revertir el duelo con la aparici\u00f3n de Franco Piccinelli que termin\u00f3 como MVP de la final.<\/p>\n<p>&nbsp;<\/p>\n<p>[soliloquy id=&#8221;47753&#8243;]<\/p>\n<p>&nbsp;<\/p>\n<p>S\u00edntesis Gimnasio ONE \u2013 Udalem:<br \/>\nEstadio: Juan Manolio<br \/>\n\u00c1rbitros: Carusso, M.; Bourdieu, E. y Loviso, N.<br \/>\n<strong>Gimnasio ONE (79): Lardapide (30), Andreu (15), Ferreyra (10), Troia (3), Alonso (2) -FI- Torres (8), Costilla (5), Bettiga (6). DT- Santiago Barsi<\/strong><br \/>\n<strong>Udalem (83): Salgado (13), Sim\u00f3n (12), S\u00e1nchez, P. (9), Alem (9), Piccinelli (31) -FI- S\u00e1nchez, A. (2), Moyano (3), Oroquieta (2), San Mart\u00edn (2), Cuadrillero (2). DT- Santino Mondini<\/strong><br \/>\nParciales: 24-22; 45-43; 56-60 y 83-79<\/p>\n","protected":false},"excerpt":{"rendered":"<p>Udalem se consagr\u00f3 campe\u00f3n de una nueva edici\u00f3n del Torneo Comercial organizado por la Subcomisi\u00f3n de B\u00e1squet del Club Pueblo<\/p>\n","protected":false},"author":96739694,"featured_media":159752,"comment_status":"closed","ping_status":"closed","sticky":false,"template":"","format":"standard","meta":{"_jetpack_memberships_contains_paid_content":false,"footnotes":""},"categories":[31,1,43],"tags":[],"class_list":["post-135622","post","type-post","status-publish","format-standard","has-post-thumbnail","hentry","category-basquet","category-portada","category-primera"],"jetpack_featured_media_url":"https:\/\/i0.wp.com\/cdnoticias.com\/wp-content\/uploads\/2024\/02\/comercial-7-1.jpg?fit=1280%2C853&ssl=1","jetpack_sharing_enabled":true,"_links":{"self":[{"href":"https:\/\/cdnoticias.com\/index.php\/wp-json\/wp\/v2\/posts\/135622","targetHints":{"allow":["GET"]}}],"collection":[{"href":"https:\/\/cdnoticias.com\/index.php\/wp-json\/wp\/v2\/posts"}],"about":[{"href":"https:\/\/cdnoticias.com\/index.php\/wp-json\/wp\/v2\/types\/post"}],"author":[{"embeddable":true,"href":"https:\/\/cdnoticias.com\/index.php\/wp-json\/wp\/v2\/users\/96739694"}],"replies":[{"embeddable":true,"href":"https:\/\/cdnoticias.com\/index.php\/wp-json\/wp\/v2\/comments?post=135622"}],"version-history":[{"count":0,"href":"https:\/\/cdnoticias.com\/index.php\/wp-json\/wp\/v2\/posts\/135622\/revisions"}],"wp:featuredmedia":[{"embeddable":true,"href":"https:\/\/cdnoticias.com\/index.php\/wp-json\/wp\/v2\/media\/159752"}],"wp:attachment":[{"href":"https:\/\/cdnoticias.com\/index.php\/wp-json\/wp\/v2\/media?parent=135622"}],"wp:term":[{"taxonomy":"category","embeddable":true,"href":"https:\/\/cdnoticias.com\/index.php\/wp-json\/wp\/v2\/categories?post=135622"},{"taxonomy":"post_tag","embeddable":true,"href":"https:\/\/cdnoticias.com\/index.php\/wp-json\/wp\/v2\/tags?post=135622"}],"curies":[{"name":"wp","href":"https:\/\/api.w.org\/{rel}","templated":true}]}}