{"id":135619,"date":"2024-02-22T19:12:03","date_gmt":"2024-02-22T22:12:03","guid":{"rendered":"https:\/\/centraldeportes.com.ar\/?p=47738"},"modified":"2025-02-12T23:35:32","modified_gmt":"2025-02-13T02:35:32","slug":"embajadores-y-racing-con-todo-confirmado-para-la-superfinal","status":"publish","type":"post","link":"https:\/\/cdnoticias.com\/index.php\/2024\/02\/22\/embajadores-y-racing-con-todo-confirmado-para-la-superfinal\/","title":{"rendered":"Embajadores y Racing, con todo confirmado para la Superfinal"},"content":{"rendered":"<p>La Copa de Campeones \u201cTony Pelliccioni\u201d se pondr\u00e1 en juego el pr\u00f3ximo lunes y, en la previa, hubo presentaci\u00f3n oficial en la Liga de F\u00fatbol de Olavarr\u00eda. Adem\u00e1s del costo de la entrada, se organiz\u00f3 una colecta para el merendero \u201cConquistando Sonrisas\u201d.<!--more--><\/p>\n<hr \/>\n<p>El primer partido oficial del a\u00f1o en el f\u00fatbol local ser\u00e1 nada m\u00e1s ni nada menos que una Superfinal, aquella que debi\u00f3 disputarse el pasado 12 de diciembre, pero que debi\u00f3 suspenderse por el devastador temporal que azot\u00f3 a la ciudad.<\/p>\n<p>&nbsp;<\/p>\n<p><strong>Racing<\/strong> y <strong>Embajadores<\/strong> ser\u00e1n los protagonistas y qui\u00e9nes se disputar\u00e1n el pr\u00f3ximo lunes la Copa de Campeones \u201cTony Pelliccioni\u201d en el <strong>Estadio Domingo Colasurdo<\/strong>. El partido comenzar\u00e1 a las <strong>20:45 horas<\/strong> y ser\u00e1 con el <strong>arbitraje de Marcos Palavecino<\/strong>.<\/p>\n<p>&nbsp;<\/p>\n<p>En la previa, durante la noche del pasado mi\u00e9rcoles, se llev\u00f3 adelante la cl\u00e1sica presentaci\u00f3n en la sala principal de la Liga de F\u00fatbol de Olavarr\u00eda. Encabezaron la reuni\u00f3n <strong>Pablo Palahy<\/strong>, presidente liguista; <strong>Mario Giacomaso<\/strong>,<strong> David Garc\u00eda Lorenzo<\/strong> y <strong>Pablo Mujica<\/strong> por el lado del \u201cChaira\u201d y <strong>Fernando Di Carlo<\/strong>, <strong>Marcos Valderrey<\/strong> y <strong>Juan Cruz Areco<\/strong> por el del CEO.<\/p>\n<p>&nbsp;<\/p>\n<p>Adem\u00e1s, la reuni\u00f3n estuvo marcada por la presencia de <strong>Ezequiel Angeloff<\/strong>, encargado del merendero \u201cConquistando Sonrisas\u201d (Ituzaing\u00f3 entre Buchardo y Azopardo) que funciona lunes, mi\u00e9rcoles y viernes de 16 a 21 y provee alrededor de 30 familias.<\/p>\n<p>&nbsp;<\/p>\n<p><strong>Es que, en esta oportunidad, adem\u00e1s del costo de la entrada que ser\u00e1 de $2500 y $3000 plateas<\/strong>, <strong>desde la Liga organizaron una iniciativa solidaria como plus y que cada hincha que vaya al partido pueda colaborar con un alimento no perecedero para el merendero<\/strong>.<\/p>\n<p>&nbsp;<\/p>\n<p><img data-recalc-dims=\"1\" loading=\"lazy\" decoding=\"async\" class=\"aligncenter size-full wp-image-47740\" src=\"https:\/\/i0.wp.com\/cdnoticias.com\/wp-content\/uploads\/2024\/02\/Presentacion-Copa-de-Campeones-Racing-vs-Embajadores.jpeg?resize=800%2C520&#038;ssl=1\" alt=\"\" width=\"800\" height=\"520\" \/><\/p>\n<p>&nbsp;<\/p>\n<p>Asimismo, en cuanto a la conferencia, uno de los primeros en tomar la palabra fue Giacomaso, presidente de Racing: \u201c<em><strong>Es una alegr\u00eda participar de esta final<\/strong>. Sabemos que a la gente de Racing le genera ilusi\u00f3n como a los jugadores y cuerpo t\u00e9cnico<\/em>\u201d, afirm\u00f3 en primer t\u00e9rmino y luego agreg\u00f3: \u201c<strong><em>Lo importante es que la gente vaya a disfrutar y ojal\u00e1 se haga costumbre de llenar la cancha<\/em><\/strong>\u201d.<\/p>\n<p>&nbsp;<\/p>\n<p>Posteriormente, el \u201cTero\u201d Di Carlo, m\u00e1xima autoridad de Embajadores, dese\u00f3 que el equipo \u201c<em>pueda estar a la altura y que el partido sea una fiesta<\/em>\u201d. Adem\u00e1s, complement\u00f3: \u201c<strong><em>Que la gente vaya a disfrutar y que gane el que mejor haga las cosas<\/em><\/strong>\u201d.<\/p>\n<p>&nbsp;<\/p>\n<p>Tambi\u00e9n hubo momento para los t\u00e9cnicos. El \u201cChueco\u201d Garc\u00eda Lorenzo manifest\u00f3 que \u201c<strong><em>es un orgullo poder representar nuevamente en una final a Racing y a toda la gente que lo acompa\u00f1a. Vamos a tratar de volver a ilusionar a la gente no solamente en esta final sino en todo el a\u00f1o<\/em><\/strong>\u201d.<\/p>\n<p>&nbsp;<\/p>\n<p>Por el lado del elenco de la avenida Avellaneda, el flamante DT Marcos Valderrey afrontar\u00e1 su debut en una importante definici\u00f3n: \u201c<strong><em>Estamos convencidos de lo que estamos haciendo, hemos hecho una buena pretemporada. Esperando el lunes con muchas ganas<\/em><\/strong>\u201d, sostuvo.<\/p>\n<p>&nbsp;<\/p>\n<p>En cuanto a la organizaci\u00f3n del encuentro, treinta y seis efectivos policiales estar\u00e1n a cargo de la seguridad.<strong> La parcialidad de Embajadores ingresar\u00e1 al Domingo Colasurdo por la entrada principal de avenida Pringles, mientras que la hinchada de Racing lo har\u00e1 por Balcarce y 9 de Julio<\/strong>.<\/p>\n","protected":false},"excerpt":{"rendered":"<p>La Copa de Campeones \u201cTony Pelliccioni\u201d se pondr\u00e1 en juego el pr\u00f3ximo lunes y, en la previa, hubo presentaci\u00f3n oficial<\/p>\n","protected":false},"author":96739694,"featured_media":159761,"comment_status":"closed","ping_status":"closed","sticky":false,"template":"","format":"standard","meta":{"_jetpack_memberships_contains_paid_content":false,"footnotes":""},"categories":[35,1,41],"tags":[],"class_list":["post-135619","post","type-post","status-publish","format-standard","has-post-thumbnail","hentry","category-futbol","category-portada","category-primera-y-reserva"],"jetpack_featured_media_url":"https:\/\/i0.wp.com\/cdnoticias.com\/wp-content\/uploads\/2024\/02\/Presentacion-Copa-de-Campeones-Racing-vs-Embajadores1.jpg?fit=1000%2C717&ssl=1","jetpack_sharing_enabled":true,"_links":{"self":[{"href":"https:\/\/cdnoticias.com\/index.php\/wp-json\/wp\/v2\/posts\/135619","targetHints":{"allow":["GET"]}}],"collection":[{"href":"https:\/\/cdnoticias.com\/index.php\/wp-json\/wp\/v2\/posts"}],"about":[{"href":"https:\/\/cdnoticias.com\/index.php\/wp-json\/wp\/v2\/types\/post"}],"author":[{"embeddable":true,"href":"https:\/\/cdnoticias.com\/index.php\/wp-json\/wp\/v2\/users\/96739694"}],"replies":[{"embeddable":true,"href":"https:\/\/cdnoticias.com\/index.php\/wp-json\/wp\/v2\/comments?post=135619"}],"version-history":[{"count":0,"href":"https:\/\/cdnoticias.com\/index.php\/wp-json\/wp\/v2\/posts\/135619\/revisions"}],"wp:featuredmedia":[{"embeddable":true,"href":"https:\/\/cdnoticias.com\/index.php\/wp-json\/wp\/v2\/media\/159761"}],"wp:attachment":[{"href":"https:\/\/cdnoticias.com\/index.php\/wp-json\/wp\/v2\/media?parent=135619"}],"wp:term":[{"taxonomy":"category","embeddable":true,"href":"https:\/\/cdnoticias.com\/index.php\/wp-json\/wp\/v2\/categories?post=135619"},{"taxonomy":"post_tag","embeddable":true,"href":"https:\/\/cdnoticias.com\/index.php\/wp-json\/wp\/v2\/tags?post=135619"}],"curies":[{"name":"wp","href":"https:\/\/api.w.org\/{rel}","templated":true}]}}