{"id":135616,"date":"2024-02-21T23:50:49","date_gmt":"2024-02-22T02:50:49","guid":{"rendered":"https:\/\/centraldeportes.com.ar\/?p=47726"},"modified":"2025-02-12T23:35:37","modified_gmt":"2025-02-13T02:35:37","slug":"estudiantes-gano-la-primera-final-del-torneo-de-verano","status":"publish","type":"post","link":"https:\/\/cdnoticias.com\/index.php\/2024\/02\/21\/estudiantes-gano-la-primera-final-del-torneo-de-verano\/","title":{"rendered":"Estudiantes gan\u00f3 la primera final del Torneo de Verano"},"content":{"rendered":"<p>En la noche de este mi\u00e9rcoles comenz\u00f3 a jugarse la final del Torneo de Verano organizado por la Liga de F\u00fatbol de Olavarr\u00eda y fue con victoria de Estudiantes.<!--more--><\/p>\n<hr \/>\n<p>El \u201cBataraz\u201d venci\u00f3 60 a 55 a Racing de La Madrid en el Maxigimnasio del Parque Guerrero el duelo que inici\u00f3 la definici\u00f3n de la competencia veraniega.<\/p>\n<p>&nbsp;<\/p>\n\n<p>&nbsp;<\/p>\n<p>En un duelo parejo y de muy bajo goleo, no alcanzaron los 13 puntos de Sim\u00f3n Nieto ante el aporte de tres jugadores olavarrienses que superaron la decena.<\/p>\n<p>&nbsp;<\/p>\n<p>Hab\u00eda arrancado bien la visita tomando la delantera en los primeros 10 minutos, pero en el segundo parcial, el \u201cBata\u201d comenz\u00f3 la reacci\u00f3n y revirti\u00f3 el tanteador de cara al descanso largo.<\/p>\n<p>&nbsp;<\/p>\n<p>En el complemento, a pesar de que los lamatritenses intentaron remontar la desventaja, Estudiantes control\u00f3 el juego y el tiempo a su favor para terminar festejando.<\/p>\n<p>&nbsp;<\/p>\n<p>El pr\u00f3ximo viernes desde las 21:30, Racing recibir\u00e1 al \u201cBata\u201d en el Willy Matos con la obligaci\u00f3n de ganar para estirar la serie.<\/p>\n<p>&nbsp;<\/p>\n<p>S\u00edntesis Estudiantes \u2013 Racing (L):<br \/>\nEstadio: Maxigimnasio<br \/>\n\u00c1rbitros: Serantes, S., Rinc\u00f3n, J. y Sosa, J.<br \/>\n<strong>Estudiantes (60): Callegaro (11), San Mart\u00edn (9), Silveyra (13), Dilascio (7), Piccinelli (10) -FI- S\u00e1nchez Savi (1), Beltramella (3), Echevarr\u00eda (5), Americo (2). DT- Maurcio Beltramella<\/strong><br \/>\n<strong>Racing (55): Barrag\u00e1n (8), P\u00e9rez (2), Nieto (13), Estrampes (10), Mallianni (5) -FI-Cingunegui (8), Castro (0), Rodr\u00edguez (9). DT- Marcelo Haag<\/strong><br \/>\nParciales: 15-16; 36-29; 50-43 y 60-55<\/p>\n","protected":false},"excerpt":{"rendered":"<p>En la noche de este mi\u00e9rcoles comenz\u00f3 a jugarse la final del Torneo de Verano organizado por la Liga de<\/p>\n","protected":false},"author":96739694,"featured_media":159768,"comment_status":"closed","ping_status":"closed","sticky":false,"template":"","format":"standard","meta":{"_jetpack_memberships_contains_paid_content":false,"footnotes":""},"categories":[31,1,43],"tags":[],"class_list":["post-135616","post","type-post","status-publish","format-standard","has-post-thumbnail","hentry","category-basquet","category-portada","category-primera"],"jetpack_featured_media_url":"https:\/\/i0.wp.com\/cdnoticias.com\/wp-content\/uploads\/2024\/02\/DSC_1403-scaled.jpg?fit=2560%2C1696&ssl=1","jetpack_sharing_enabled":true,"_links":{"self":[{"href":"https:\/\/cdnoticias.com\/index.php\/wp-json\/wp\/v2\/posts\/135616","targetHints":{"allow":["GET"]}}],"collection":[{"href":"https:\/\/cdnoticias.com\/index.php\/wp-json\/wp\/v2\/posts"}],"about":[{"href":"https:\/\/cdnoticias.com\/index.php\/wp-json\/wp\/v2\/types\/post"}],"author":[{"embeddable":true,"href":"https:\/\/cdnoticias.com\/index.php\/wp-json\/wp\/v2\/users\/96739694"}],"replies":[{"embeddable":true,"href":"https:\/\/cdnoticias.com\/index.php\/wp-json\/wp\/v2\/comments?post=135616"}],"version-history":[{"count":0,"href":"https:\/\/cdnoticias.com\/index.php\/wp-json\/wp\/v2\/posts\/135616\/revisions"}],"wp:featuredmedia":[{"embeddable":true,"href":"https:\/\/cdnoticias.com\/index.php\/wp-json\/wp\/v2\/media\/159768"}],"wp:attachment":[{"href":"https:\/\/cdnoticias.com\/index.php\/wp-json\/wp\/v2\/media?parent=135616"}],"wp:term":[{"taxonomy":"category","embeddable":true,"href":"https:\/\/cdnoticias.com\/index.php\/wp-json\/wp\/v2\/categories?post=135616"},{"taxonomy":"post_tag","embeddable":true,"href":"https:\/\/cdnoticias.com\/index.php\/wp-json\/wp\/v2\/tags?post=135616"}],"curies":[{"name":"wp","href":"https:\/\/api.w.org\/{rel}","templated":true}]}}