{"id":135604,"date":"2024-02-19T23:15:44","date_gmt":"2024-02-20T02:15:44","guid":{"rendered":"https:\/\/centraldeportes.com.ar\/?p=47672"},"modified":"2025-02-12T23:34:30","modified_gmt":"2025-02-13T02:34:30","slug":"ramon-galotti-fue-anunciado-en-huracan-de-ingeniero-white","status":"publish","type":"post","link":"https:\/\/cdnoticias.com\/index.php\/2024\/02\/19\/ramon-galotti-fue-anunciado-en-huracan-de-ingeniero-white\/","title":{"rendered":"Ram\u00f3n Galotti fue anunciado en Hurac\u00e1n de Ingeniero White"},"content":{"rendered":"<p>El joven delantero, con buenos n\u00fameros en la \u00faltima temporada con Estudiantes, se convirti\u00f3 en nuevo jugador del \u201cGlobo\u201d de la Liga del Sur.<!--more--><\/p>\n<hr \/>\n<p><strong>Ram\u00f3n Galotti<\/strong>, autor de 24 tantos en la pasada temporada (entre Uni\u00f3n Deportivo Regional y Torneo local) <strong>dej\u00f3 de ser jugador del Club Atl\u00e9tico Estudiantes<\/strong> y llevar\u00e1 sus goles a la Liga del Sur.<\/p>\n<p>&nbsp;<\/p>\n<p><strong>El atacante de 20 a\u00f1os<\/strong>, anunciado en los \u00faltimos d\u00edas, <strong>se convirti\u00f3 en nuevo jugador de Hurac\u00e1n de Ingeniero White<\/strong>, uno de los vigentes campeones del torneo bahiense.<\/p>\n<p>&nbsp;<\/p>\n<p><img data-recalc-dims=\"1\" loading=\"lazy\" decoding=\"async\" class=\"aligncenter wp-image-42000 size-large\" src=\"https:\/\/i0.wp.com\/cdnoticias.com\/wp-content\/uploads\/2023\/09\/Photo_1694982185054-scaled-e1708395316831-1024x607.jpg?resize=800%2C474&#038;ssl=1\" alt=\"\" width=\"800\" height=\"474\" \/><\/p>\n<p>&nbsp;<\/p>\n<p>Tras su llegada al \u201cGlobo\u201d, el t\u00e9cnico Federico G\u00f3mez Pe\u00f1a, v\u00eda el Diario La Nueva, se refiri\u00f3 a Galotti como \u201c<em><strong>Oportunista e infalible dentro del \u00e1rea, fuerte y con buenos movimientos<\/strong>\u201d. Adem\u00e1s, cont\u00f3 que \u201cse entiende bien con un enlace o un punta que lo abastezca. <strong>Cuenta con buenas condiciones y tiene ganas de crecer<\/strong>, que es lo m\u00e1s importante. Ojal\u00e1 le vaya bien, tenemos muchas expectativas en su talento y en su poder de gol<\/em>\u201d, se\u00f1al\u00f3.<\/p>\n<p>&nbsp;<\/p>\n<p>El equipo se encuentra desarrollando la pretemporada en Monte Hermoso de cara al inicio de la competencia oficial, pactada para el fin de semana del 23 de marzo.<\/p>\n","protected":false},"excerpt":{"rendered":"<p>El joven delantero, con buenos n\u00fameros en la \u00faltima temporada con Estudiantes, se convirti\u00f3 en nuevo jugador del \u201cGlobo\u201d de<\/p>\n","protected":false},"author":96739694,"featured_media":157607,"comment_status":"closed","ping_status":"closed","sticky":false,"template":"","format":"standard","meta":{"_jetpack_memberships_contains_paid_content":false,"footnotes":""},"categories":[35,42,1],"tags":[],"class_list":["post-135604","post","type-post","status-publish","format-standard","has-post-thumbnail","hentry","category-futbol","category-olavarrienses-en-lugares","category-portada"],"jetpack_featured_media_url":"https:\/\/i0.wp.com\/cdnoticias.com\/wp-content\/uploads\/2023\/09\/Photo_1694982179438-scaled.jpg?fit=2560%2C1706&ssl=1","jetpack_sharing_enabled":true,"_links":{"self":[{"href":"https:\/\/cdnoticias.com\/index.php\/wp-json\/wp\/v2\/posts\/135604","targetHints":{"allow":["GET"]}}],"collection":[{"href":"https:\/\/cdnoticias.com\/index.php\/wp-json\/wp\/v2\/posts"}],"about":[{"href":"https:\/\/cdnoticias.com\/index.php\/wp-json\/wp\/v2\/types\/post"}],"author":[{"embeddable":true,"href":"https:\/\/cdnoticias.com\/index.php\/wp-json\/wp\/v2\/users\/96739694"}],"replies":[{"embeddable":true,"href":"https:\/\/cdnoticias.com\/index.php\/wp-json\/wp\/v2\/comments?post=135604"}],"version-history":[{"count":0,"href":"https:\/\/cdnoticias.com\/index.php\/wp-json\/wp\/v2\/posts\/135604\/revisions"}],"wp:featuredmedia":[{"embeddable":true,"href":"https:\/\/cdnoticias.com\/index.php\/wp-json\/wp\/v2\/media\/157607"}],"wp:attachment":[{"href":"https:\/\/cdnoticias.com\/index.php\/wp-json\/wp\/v2\/media?parent=135604"}],"wp:term":[{"taxonomy":"category","embeddable":true,"href":"https:\/\/cdnoticias.com\/index.php\/wp-json\/wp\/v2\/categories?post=135604"},{"taxonomy":"post_tag","embeddable":true,"href":"https:\/\/cdnoticias.com\/index.php\/wp-json\/wp\/v2\/tags?post=135604"}],"curies":[{"name":"wp","href":"https:\/\/api.w.org\/{rel}","templated":true}]}}