{"id":135603,"date":"2024-02-19T20:20:44","date_gmt":"2024-02-19T23:20:44","guid":{"rendered":"https:\/\/centraldeportes.com.ar\/?p=47654"},"modified":"2025-02-12T23:34:34","modified_gmt":"2025-02-13T02:34:34","slug":"la-copa-del-mundo-arribara-y-sera-exhibida-en-tandil","status":"publish","type":"post","link":"https:\/\/cdnoticias.com\/index.php\/2024\/02\/19\/la-copa-del-mundo-arribara-y-sera-exhibida-en-tandil\/","title":{"rendered":"La Copa del Mundo arribar\u00e1 y ser\u00e1 exhibida en Tandil"},"content":{"rendered":"<p>El t\u00edtulo del Mundial de Qatar 2022 obtenido por la Selecci\u00f3n Argentina de F\u00fatbol se podr\u00e1 ver en la explanada del Palacio Municipal el pr\u00f3ximo fin de semana.<!--more--><\/p>\n<hr \/>\n<p>Por intermedio de gestiones de la Liga Tandilense de F\u00fatbol,<strong> la Copa del Mundo llegar\u00e1 a la ciudad serrana el 24 de febrero y estar\u00e1 en exhibici\u00f3n entre las 9 y las 19 en la explanada del Palacio Municipal, con entrada libre y gratuita<\/strong>.<\/p>\n<p>&nbsp;<\/p>\n<p>El presidente de la Liga Tandilense, Miguel Cenoz, e integrantes de la instituci\u00f3n mantuvieron un encuentro con el intendente Miguel Lunghi, el jefe de gabinete Julio Elichiribehety y el director de Deportes, Carlos Ilero, para avanzar en la definici\u00f3n de los detalles organizativos del evento.<\/p>\n<p>&nbsp;<\/p>\n<p>En la reuni\u00f3n las autoridades de la Liga destacaron el acompa\u00f1amiento del municipio, el Consejo Federal y la AFA, y detallaron que no es habitual que las ligas del interior tengan la posibilidad de organizar este tipo de eventos.<\/p>\n<p>&nbsp;<\/p>\n<p>Por tal motivo, <strong>ser\u00e1 adem\u00e1s la primera vez que el preciado trofeo sale hacia una Liga de F\u00fatbol<\/strong> y este a\u00f1o solo saldr\u00e1 de la AFA en tres oportunidades.<\/p>\n<p>&nbsp;<\/p>\n<p><em><strong>Fuente: DIB.<\/strong><\/em><\/p>\n","protected":false},"excerpt":{"rendered":"<p>El t\u00edtulo del Mundial de Qatar 2022 obtenido por la Selecci\u00f3n Argentina de F\u00fatbol se podr\u00e1 ver en la explanada<\/p>\n","protected":false},"author":96739694,"featured_media":159691,"comment_status":"closed","ping_status":"closed","sticky":false,"template":"","format":"standard","meta":{"_jetpack_memberships_contains_paid_content":false,"footnotes":""},"categories":[35,1],"tags":[],"class_list":["post-135603","post","type-post","status-publish","format-standard","has-post-thumbnail","hentry","category-futbol","category-portada"],"jetpack_featured_media_url":"https:\/\/i0.wp.com\/cdnoticias.com\/wp-content\/uploads\/2024\/02\/Argentina-campeon-del-mundo.jpg?fit=993%2C695&ssl=1","jetpack_sharing_enabled":true,"_links":{"self":[{"href":"https:\/\/cdnoticias.com\/index.php\/wp-json\/wp\/v2\/posts\/135603","targetHints":{"allow":["GET"]}}],"collection":[{"href":"https:\/\/cdnoticias.com\/index.php\/wp-json\/wp\/v2\/posts"}],"about":[{"href":"https:\/\/cdnoticias.com\/index.php\/wp-json\/wp\/v2\/types\/post"}],"author":[{"embeddable":true,"href":"https:\/\/cdnoticias.com\/index.php\/wp-json\/wp\/v2\/users\/96739694"}],"replies":[{"embeddable":true,"href":"https:\/\/cdnoticias.com\/index.php\/wp-json\/wp\/v2\/comments?post=135603"}],"version-history":[{"count":0,"href":"https:\/\/cdnoticias.com\/index.php\/wp-json\/wp\/v2\/posts\/135603\/revisions"}],"wp:featuredmedia":[{"embeddable":true,"href":"https:\/\/cdnoticias.com\/index.php\/wp-json\/wp\/v2\/media\/159691"}],"wp:attachment":[{"href":"https:\/\/cdnoticias.com\/index.php\/wp-json\/wp\/v2\/media?parent=135603"}],"wp:term":[{"taxonomy":"category","embeddable":true,"href":"https:\/\/cdnoticias.com\/index.php\/wp-json\/wp\/v2\/categories?post=135603"},{"taxonomy":"post_tag","embeddable":true,"href":"https:\/\/cdnoticias.com\/index.php\/wp-json\/wp\/v2\/tags?post=135603"}],"curies":[{"name":"wp","href":"https:\/\/api.w.org\/{rel}","templated":true}]}}