{"id":13560,"date":"2021-02-11T17:53:09","date_gmt":"2021-02-11T20:53:09","guid":{"rendered":"http:\/\/www.centraldenoticias.com.ar\/?p=13560"},"modified":"2021-02-11T19:25:04","modified_gmt":"2021-02-11T22:25:04","slug":"los-casos-de-covid-19-continuan-a-la-baja-hubo-19-positivos","status":"publish","type":"post","link":"https:\/\/cdnoticias.com\/index.php\/2021\/02\/11\/los-casos-de-covid-19-continuan-a-la-baja-hubo-19-positivos\/","title":{"rendered":"Los casos de Covid-19 contin\u00faan a la baja: hubo 19 positivos"},"content":{"rendered":"<p>As\u00ed fue informado en el reporte sanitario emitido este jueves por la secretar\u00eda de Salud del Municipio. Adem\u00e1s, se indic\u00f3 que hay 8 personas internadas en UTI y 10 en Cl\u00ednica Covid.<!--more--><\/p>\n<hr \/>\n<p>La Secretar\u00eda de Salud del Municipio emiti\u00f3 el informe sanitario de este jueves. Seg\u00fan se especific\u00f3, en la jornada se realizaron 87 hisopados, de los cuales <strong>19 resultaron positivos y 68 negativos para Covid-19.<\/strong><\/p>\n<p>&nbsp;<\/p>\n<p>En ese sentido,<strong> 2 casos positivos y 10 negativos corresponden al Programa RTA<\/strong> que se realiz\u00f3 en el CAPS N\u00b023 del Barrio Bel\u00e9n.<\/p>\n<p>&nbsp;<\/p>\n<p><img data-recalc-dims=\"1\" loading=\"lazy\" decoding=\"async\" class=\"alignnone size-full wp-image-13562\" src=\"https:\/\/i0.wp.com\/cdnoticias.com\/wp-content\/uploads\/2021\/02\/parte-8.jpg?resize=800%2C396&#038;ssl=1\" alt=\"\" width=\"800\" height=\"396\" srcset=\"https:\/\/i0.wp.com\/cdnoticias.com\/wp-content\/uploads\/2021\/02\/parte-8.jpg?w=1169&amp;ssl=1 1169w, https:\/\/i0.wp.com\/cdnoticias.com\/wp-content\/uploads\/2021\/02\/parte-8.jpg?resize=300%2C148&amp;ssl=1 300w, https:\/\/i0.wp.com\/cdnoticias.com\/wp-content\/uploads\/2021\/02\/parte-8.jpg?resize=768%2C380&amp;ssl=1 768w, https:\/\/i0.wp.com\/cdnoticias.com\/wp-content\/uploads\/2021\/02\/parte-8.jpg?resize=1024%2C506&amp;ssl=1 1024w\" sizes=\"auto, (max-width: 800px) 100vw, 800px\" \/><\/p>\n<p>&nbsp;<\/p>\n<p>Por otra parte, <strong>son 126 las personas que transitan la enfermedad en Olavarr\u00eda,<\/strong> de las cuales el 83% tiene menos de 60 a\u00f1os. Adem\u00e1s, las autoridades sanitarias se\u00f1alaron que <strong>las altas m\u00e9dicas de hoy fueron 17.<\/strong><\/p>\n<p>&nbsp;<\/p>\n<p><img data-recalc-dims=\"1\" loading=\"lazy\" decoding=\"async\" class=\"alignnone size-full wp-image-13561\" src=\"https:\/\/i0.wp.com\/cdnoticias.com\/wp-content\/uploads\/2021\/02\/parte02.-2.jpg?resize=800%2C395&#038;ssl=1\" alt=\"\" width=\"800\" height=\"395\" srcset=\"https:\/\/i0.wp.com\/cdnoticias.com\/wp-content\/uploads\/2021\/02\/parte02.-2.jpg?w=1214&amp;ssl=1 1214w, https:\/\/i0.wp.com\/cdnoticias.com\/wp-content\/uploads\/2021\/02\/parte02.-2.jpg?resize=300%2C148&amp;ssl=1 300w, https:\/\/i0.wp.com\/cdnoticias.com\/wp-content\/uploads\/2021\/02\/parte02.-2.jpg?resize=768%2C380&amp;ssl=1 768w, https:\/\/i0.wp.com\/cdnoticias.com\/wp-content\/uploads\/2021\/02\/parte02.-2.jpg?resize=1024%2C506&amp;ssl=1 1024w\" sizes=\"auto, (max-width: 800px) 100vw, 800px\" \/><\/p>\n<p>&nbsp;<\/p>\n<p>En cuanto a la ocupaci\u00f3n de camas en el Hospital Municipal \u201cDr. H\u00e9ctor Cura\u201d, se indic\u00f3 que<strong> 8 personas est\u00e1n internadas en la Unidad de Terapia Intensiva y 10 lo hacen en Cl\u00ednica Covid.<\/strong><\/p>\n","protected":false},"excerpt":{"rendered":"<p>As\u00ed fue informado en el reporte sanitario emitido este jueves por la secretar\u00eda de Salud del Municipio. Adem\u00e1s, se indic\u00f3<\/p>\n","protected":false},"author":5,"featured_media":7937,"comment_status":"closed","ping_status":"closed","sticky":false,"template":"","format":"standard","meta":{"_jetpack_memberships_contains_paid_content":false,"footnotes":""},"categories":[5,1],"tags":[],"class_list":["post-13560","post","type-post","status-publish","format-standard","has-post-thumbnail","hentry","category-informacion-general","category-portada"],"jetpack_featured_media_url":"https:\/\/i0.wp.com\/cdnoticias.com\/wp-content\/uploads\/2020\/12\/Salud-Rta-1024x683.jpg?fit=1024%2C683&ssl=1","jetpack_sharing_enabled":true,"_links":{"self":[{"href":"https:\/\/cdnoticias.com\/index.php\/wp-json\/wp\/v2\/posts\/13560","targetHints":{"allow":["GET"]}}],"collection":[{"href":"https:\/\/cdnoticias.com\/index.php\/wp-json\/wp\/v2\/posts"}],"about":[{"href":"https:\/\/cdnoticias.com\/index.php\/wp-json\/wp\/v2\/types\/post"}],"author":[{"embeddable":true,"href":"https:\/\/cdnoticias.com\/index.php\/wp-json\/wp\/v2\/users\/5"}],"replies":[{"embeddable":true,"href":"https:\/\/cdnoticias.com\/index.php\/wp-json\/wp\/v2\/comments?post=13560"}],"version-history":[{"count":0,"href":"https:\/\/cdnoticias.com\/index.php\/wp-json\/wp\/v2\/posts\/13560\/revisions"}],"wp:featuredmedia":[{"embeddable":true,"href":"https:\/\/cdnoticias.com\/index.php\/wp-json\/wp\/v2\/media\/7937"}],"wp:attachment":[{"href":"https:\/\/cdnoticias.com\/index.php\/wp-json\/wp\/v2\/media?parent=13560"}],"wp:term":[{"taxonomy":"category","embeddable":true,"href":"https:\/\/cdnoticias.com\/index.php\/wp-json\/wp\/v2\/categories?post=13560"},{"taxonomy":"post_tag","embeddable":true,"href":"https:\/\/cdnoticias.com\/index.php\/wp-json\/wp\/v2\/tags?post=13560"}],"curies":[{"name":"wp","href":"https:\/\/api.w.org\/{rel}","templated":true}]}}