{"id":135597,"date":"2024-02-18T12:20:37","date_gmt":"2024-02-18T15:20:37","guid":{"rendered":"https:\/\/centraldeportes.com.ar\/?p=47629"},"modified":"2025-02-12T23:34:42","modified_gmt":"2025-02-13T02:34:42","slug":"hinojo-fue-el-dueno-absoluto-del-clasico-ante-sierra-chica","status":"publish","type":"post","link":"https:\/\/cdnoticias.com\/index.php\/2024\/02\/18\/hinojo-fue-el-dueno-absoluto-del-clasico-ante-sierra-chica\/","title":{"rendered":"Hinojo fue el due\u00f1o absoluto del cl\u00e1sico ante Sierra Chica"},"content":{"rendered":"\n<div class=\"wp-block-group is-layout-constrained wp-block-group-is-layout-constrained\">\n<p>El \u201cAlbiverde\u201d se impuso en las dos categor\u00edas mayores y festej\u00f3 en la continuidad de la Copa de las Sierras.<!--more--><\/p>\n<hr \/>\n<p>El equipo conducido t\u00e9cnicamente por Carlos Othasegui contin\u00faa cosechando triunfos en medio de la pretemporada y esta vez lo hizo frente a su cl\u00e1sico rival.<\/p>\n<p>\u00a0<\/p>\n<p>Por el postergado de la 2\u00b0 fecha de la Copa de las Sierras, <strong>Hinojo derrot\u00f3 a Sierra Chica en las dos categor\u00edas mayores<\/strong> que se enfrentaron en el Pozo Serrano.<\/p>\n<p>\u00a0<\/p>\n<p><strong>En Primera fue 2 a 0 con los tantos de Lucas Montoya y Juan Gorosito<\/strong>,<strong> mientras que en Reserva fue goleada del elenco \u201cAlbiverde\u201d por 5 a 2<\/strong>.<\/p>\n<p>\u00a0<\/p>\n<p>No obstante, la acci\u00f3n tendr\u00e1 continuidad este domingo en el reducto de Sierras Bayas. Se enfrentar\u00e1n San Mart\u00edn y Espigas desde las 20:00 en Reserva y 21:00 en Primera y luego, durante la semana, los de \u201cCoky\u201d se medir\u00e1n contra el &#8220;Verdirrojo&#8221;.<\/p>\n<\/div>\n","protected":false},"excerpt":{"rendered":"<p>El \u201cAlbiverde\u201d se impuso en las dos categor\u00edas mayores y festej\u00f3 en la continuidad de la Copa de las Sierras.<\/p>\n","protected":false},"author":96739694,"featured_media":159704,"comment_status":"closed","ping_status":"closed","sticky":false,"template":"","format":"standard","meta":{"_jetpack_memberships_contains_paid_content":false,"footnotes":""},"categories":[35,1,41],"tags":[],"class_list":["post-135597","post","type-post","status-publish","format-standard","has-post-thumbnail","hentry","category-futbol","category-portada","category-primera-y-reserva"],"jetpack_featured_media_url":"https:\/\/i0.wp.com\/cdnoticias.com\/wp-content\/uploads\/2024\/02\/Hinojo-Copa-de-las-Sierras-1.jpg?fit=1000%2C732&ssl=1","jetpack_sharing_enabled":true,"_links":{"self":[{"href":"https:\/\/cdnoticias.com\/index.php\/wp-json\/wp\/v2\/posts\/135597","targetHints":{"allow":["GET"]}}],"collection":[{"href":"https:\/\/cdnoticias.com\/index.php\/wp-json\/wp\/v2\/posts"}],"about":[{"href":"https:\/\/cdnoticias.com\/index.php\/wp-json\/wp\/v2\/types\/post"}],"author":[{"embeddable":true,"href":"https:\/\/cdnoticias.com\/index.php\/wp-json\/wp\/v2\/users\/96739694"}],"replies":[{"embeddable":true,"href":"https:\/\/cdnoticias.com\/index.php\/wp-json\/wp\/v2\/comments?post=135597"}],"version-history":[{"count":0,"href":"https:\/\/cdnoticias.com\/index.php\/wp-json\/wp\/v2\/posts\/135597\/revisions"}],"wp:featuredmedia":[{"embeddable":true,"href":"https:\/\/cdnoticias.com\/index.php\/wp-json\/wp\/v2\/media\/159704"}],"wp:attachment":[{"href":"https:\/\/cdnoticias.com\/index.php\/wp-json\/wp\/v2\/media?parent=135597"}],"wp:term":[{"taxonomy":"category","embeddable":true,"href":"https:\/\/cdnoticias.com\/index.php\/wp-json\/wp\/v2\/categories?post=135597"},{"taxonomy":"post_tag","embeddable":true,"href":"https:\/\/cdnoticias.com\/index.php\/wp-json\/wp\/v2\/tags?post=135597"}],"curies":[{"name":"wp","href":"https:\/\/api.w.org\/{rel}","templated":true}]}}