{"id":135595,"date":"2024-02-17T21:48:30","date_gmt":"2024-02-18T00:48:30","guid":{"rendered":"https:\/\/centraldeportes.com.ar\/?p=47623"},"modified":"2025-02-12T23:34:45","modified_gmt":"2025-02-13T02:34:45","slug":"de-la-vega-convirtio-en-su-primer-amistoso-con-seattle","status":"publish","type":"post","link":"https:\/\/cdnoticias.com\/index.php\/2024\/02\/17\/de-la-vega-convirtio-en-su-primer-amistoso-con-seattle\/","title":{"rendered":"De la Vega convirti\u00f3 en su primer amistoso con Seattle"},"content":{"rendered":"<p>El delantero olavarriense integr\u00f3 la escuadra del segundo amistoso y aport\u00f3 su cuota goleadora frente a Sacramento Republic FC.<!--more--><\/p>\n<hr \/>\n<p>A una semana del comienzo oficial de la Major League Soccer (MLS), <strong>Pedro De la Vega disput\u00f3 este s\u00e1bado su primer amistoso con la camiseta de Seattle Sounders<\/strong>.<\/p>\n<p>&nbsp;<\/p>\n<p>La franquicia del estado de Washington enfrent\u00f3 en dos partidos amistosos a <strong>Sacramento FC<\/strong>, equipo que milita en la segunda categor\u00eda del f\u00fatbol estadounidense.<\/p>\n<p>&nbsp;<\/p>\n<p>En el primer chico, fue derrota 1 a 0 para \u201cLos Sounders\u201d mientras que <strong>en el segundo, con \u201cPepo\u201d de titular, Seattle derrot\u00f3 a sus rivales por 4 a 0<\/strong>. De penal, el olavarriense abri\u00f3 la cuenta a los 31\u2019 del primer tiempo y luego concretaron el peruano Ra\u00fal Ruid\u00edaz (45\u2019), Jonathan Bell (63\u2019) y Chris Aquino (88\u2019).<\/p>\n<p>&nbsp;<\/p>\n<p>\u201cLos Verdes\u201d formaron con Thomas; Kossa-Rienzi, Hawkins, Arreaga, Bell; Leyva, Brunell; Teves, Musovski; De la Vega y Ruid\u00edaz.<\/p>\n<p>&nbsp;<\/p>\n<p>Asimismo, <strong>el pr\u00f3ximo s\u00e1bado, Seattle tendr\u00e1 su debut oficial en una nueva temporada de la MLS donde enfrentar\u00e1 a Los \u00c1ngeles FC en condici\u00f3n de visitante<\/strong>.<\/p>\n<p>&nbsp;<\/p>\n<p><em><strong>Foto: Seattle Sounders.<\/strong><\/em><\/p>\n","protected":false},"excerpt":{"rendered":"<p>El delantero olavarriense integr\u00f3 la escuadra del segundo amistoso y aport\u00f3 su cuota goleadora frente a Sacramento Republic FC.<\/p>\n","protected":false},"author":96739694,"featured_media":159710,"comment_status":"closed","ping_status":"closed","sticky":false,"template":"","format":"standard","meta":{"_jetpack_memberships_contains_paid_content":false,"footnotes":""},"categories":[37,42,1],"tags":[],"class_list":["post-135595","post","type-post","status-publish","format-standard","has-post-thumbnail","hentry","category-futbol-profesional","category-olavarrienses-en-lugares","category-portada"],"jetpack_featured_media_url":"https:\/\/i0.wp.com\/cdnoticias.com\/wp-content\/uploads\/2024\/02\/GGkuC6yb0AAQ7D_.jpg?fit=1000%2C562&ssl=1","jetpack_sharing_enabled":true,"_links":{"self":[{"href":"https:\/\/cdnoticias.com\/index.php\/wp-json\/wp\/v2\/posts\/135595","targetHints":{"allow":["GET"]}}],"collection":[{"href":"https:\/\/cdnoticias.com\/index.php\/wp-json\/wp\/v2\/posts"}],"about":[{"href":"https:\/\/cdnoticias.com\/index.php\/wp-json\/wp\/v2\/types\/post"}],"author":[{"embeddable":true,"href":"https:\/\/cdnoticias.com\/index.php\/wp-json\/wp\/v2\/users\/96739694"}],"replies":[{"embeddable":true,"href":"https:\/\/cdnoticias.com\/index.php\/wp-json\/wp\/v2\/comments?post=135595"}],"version-history":[{"count":0,"href":"https:\/\/cdnoticias.com\/index.php\/wp-json\/wp\/v2\/posts\/135595\/revisions"}],"wp:featuredmedia":[{"embeddable":true,"href":"https:\/\/cdnoticias.com\/index.php\/wp-json\/wp\/v2\/media\/159710"}],"wp:attachment":[{"href":"https:\/\/cdnoticias.com\/index.php\/wp-json\/wp\/v2\/media?parent=135595"}],"wp:term":[{"taxonomy":"category","embeddable":true,"href":"https:\/\/cdnoticias.com\/index.php\/wp-json\/wp\/v2\/categories?post=135595"},{"taxonomy":"post_tag","embeddable":true,"href":"https:\/\/cdnoticias.com\/index.php\/wp-json\/wp\/v2\/tags?post=135595"}],"curies":[{"name":"wp","href":"https:\/\/api.w.org\/{rel}","templated":true}]}}