{"id":135588,"date":"2024-02-16T15:06:25","date_gmt":"2024-02-16T18:06:25","guid":{"rendered":"https:\/\/centraldeportes.com.ar\/?p=47544"},"modified":"2025-02-12T23:34:54","modified_gmt":"2025-02-13T02:34:54","slug":"victoria-meira-estara-en-una-concentracion-nacional","status":"publish","type":"post","link":"https:\/\/cdnoticias.com\/index.php\/2024\/02\/16\/victoria-meira-estara-en-una-concentracion-nacional\/","title":{"rendered":"Victoria Meira estar\u00e1 en una concentraci\u00f3n nacional"},"content":{"rendered":"<p>Victoria Meira fue convocada por la Confederaci\u00f3n Argentina a una concentraci\u00f3n Regional en Monte Hermoso.<!--more--><\/p>\n<hr \/>\n<p>Los pr\u00f3ximos 22 y 23 de febrero en Monte Hermoso, se realizar\u00e1 una concentraci\u00f3n Regional de jugadoras donde fue convocada la jugadora de 16 a\u00f1os, Victoria Meira. Estar\u00e1n siendo acompa\u00f1adas por Pedro Alexander y observadas por entrenadores nacionales.<\/p>\n<p>&nbsp;<\/p>\n<p>Dicho encuentro se realizar\u00e1 a lo largo del pa\u00eds en distintas sedes de cancha de agua con el fin de entrenar jugadoras y jugadores con el potencial futuro de integrar Selecciones Nacionales Sub18 y Sub21 para los Juegos Ol\u00edmpicos de la Juventud que ser\u00e1n en Senegal en 2026.<\/p>\n<p>&nbsp;<\/p>\n<p>De dicho modo se cita a jugadores que en la actualidad abarcan las Categor\u00edas Sub 16\/Sub 18 nacidos entre 2006 y 2009.<\/p>\n<p>&nbsp;<\/p>\n<p>&nbsp;<\/p>\n","protected":false},"excerpt":{"rendered":"<p>Victoria Meira fue convocada por la Confederaci\u00f3n Argentina a una concentraci\u00f3n Regional en Monte Hermoso.<\/p>\n","protected":false},"author":96739694,"featured_media":159724,"comment_status":"closed","ping_status":"closed","sticky":false,"template":"","format":"standard","meta":{"_jetpack_memberships_contains_paid_content":false,"footnotes":""},"categories":[30,1],"tags":[],"class_list":["post-135588","post","type-post","status-publish","format-standard","has-post-thumbnail","hentry","category-polideportivo","category-portada"],"jetpack_featured_media_url":"https:\/\/i0.wp.com\/cdnoticias.com\/wp-content\/uploads\/2024\/02\/427688639_912923187505040_2961598844938215983_n-e1708048899615.jpg?fit=1440%2C876&ssl=1","jetpack_sharing_enabled":true,"_links":{"self":[{"href":"https:\/\/cdnoticias.com\/index.php\/wp-json\/wp\/v2\/posts\/135588","targetHints":{"allow":["GET"]}}],"collection":[{"href":"https:\/\/cdnoticias.com\/index.php\/wp-json\/wp\/v2\/posts"}],"about":[{"href":"https:\/\/cdnoticias.com\/index.php\/wp-json\/wp\/v2\/types\/post"}],"author":[{"embeddable":true,"href":"https:\/\/cdnoticias.com\/index.php\/wp-json\/wp\/v2\/users\/96739694"}],"replies":[{"embeddable":true,"href":"https:\/\/cdnoticias.com\/index.php\/wp-json\/wp\/v2\/comments?post=135588"}],"version-history":[{"count":0,"href":"https:\/\/cdnoticias.com\/index.php\/wp-json\/wp\/v2\/posts\/135588\/revisions"}],"wp:featuredmedia":[{"embeddable":true,"href":"https:\/\/cdnoticias.com\/index.php\/wp-json\/wp\/v2\/media\/159724"}],"wp:attachment":[{"href":"https:\/\/cdnoticias.com\/index.php\/wp-json\/wp\/v2\/media?parent=135588"}],"wp:term":[{"taxonomy":"category","embeddable":true,"href":"https:\/\/cdnoticias.com\/index.php\/wp-json\/wp\/v2\/categories?post=135588"},{"taxonomy":"post_tag","embeddable":true,"href":"https:\/\/cdnoticias.com\/index.php\/wp-json\/wp\/v2\/tags?post=135588"}],"curies":[{"name":"wp","href":"https:\/\/api.w.org\/{rel}","templated":true}]}}