{"id":135582,"date":"2024-02-14T19:39:38","date_gmt":"2024-02-14T22:39:38","guid":{"rendered":"https:\/\/centraldeportes.com.ar\/?p=47518"},"modified":"2025-02-12T23:33:37","modified_gmt":"2025-02-13T02:33:37","slug":"charo-posse-concentrara-con-la-seleccion-argentina-junior","status":"publish","type":"post","link":"https:\/\/cdnoticias.com\/index.php\/2024\/02\/14\/charo-posse-concentrara-con-la-seleccion-argentina-junior\/","title":{"rendered":"Charo Posse concentrar\u00e1 con la Selecci\u00f3n Argentina Junior"},"content":{"rendered":"<p>Desde el pr\u00f3ximo martes 20 hasta el s\u00e1bado 24 se llevar\u00e1 a cabo una citaci\u00f3n de la Selecci\u00f3n Argentina Junior y en la n\u00f3mina de convocados se encuentra Charo Posse.<!--more--><\/p>\n<hr \/>\n<p>La ciclista olavarriense contin\u00faa en consideraci\u00f3n del cuerpo t\u00e9cnico de la Selecci\u00f3n Argentina que cit\u00f3 a la representante local a decir presente en San Juan junto a pedalistas de la categor\u00eda Junior, que pertenecen a los programas TAR (Transici\u00f3n al Alto Rendimiento) y DAR (Deporte de Alto Rendimiento).<\/p>\n<p>&nbsp;<\/p>\n<p>La cita tendr\u00e1 lugar del 20 al 24 de febrero en el el \u00f3valo Vicente Chancay y estar\u00e1 a cargo del Cuerpo T\u00e9cnico de la Federaci\u00f3n Argentina de Ciclismo Pista y Ruta que lidera Walter P\u00e9rez.<\/p>\n<p>&nbsp;<\/p>\n<p>Junto al entrenador principal estar\u00e1n tambi\u00e9n Mart\u00edn Ferrari, Walter P\u00e9rez, Daniel Capella, Rub\u00e9n Ramos y Karina Meglioli como integrantes del equipo de profesionales.<\/p>\n<p>&nbsp;<\/p>\n<p>La lista de convocados es: Samara Medrano, Delfina Dibella, Lautaro Naveda, Ramiro Videla, Alejo Riofr\u00edo, Mat\u00edas Luna, Rodrigo D\u00edaz, Ignacio Esquivel y Uriel Mor\u00e1n, Maira Tocha, Charo Posse, Bianca Tempestini, Santiago Gru\u00f1eiro, Rom\u00e1n Gorosito, Facundo Ambrosi, I\u00f1aki Serrano, Thiago Rivera, Mat\u00edas Murillo, Donato Cerati, Leonardo P\u00e9rez, Rom\u00e1n Gim\u00e9nez, Santiago Schoepf, Lisandro Su\u00e1rez, Uriel Tolosa, Valentina M\u00e9ndez y Guadalupe D\u00edaz.<\/p>\n<p>&nbsp;<\/p>\n<p>En tanto que los paraciclistas Mar\u00eda Jos\u00e9 Quiroga, en t\u00e1ndem femenino y Maximiliano P\u00e9rez, en el masculino estar\u00e1n presentes para marcar nuevos registros, as\u00ed como Magdalena Sergo, en C5.<\/p>\n","protected":false},"excerpt":{"rendered":"<p>Desde el pr\u00f3ximo martes 20 hasta el s\u00e1bado 24 se llevar\u00e1 a cabo una citaci\u00f3n de la Selecci\u00f3n Argentina Junior<\/p>\n","protected":false},"author":96739694,"featured_media":158031,"comment_status":"closed","ping_status":"closed","sticky":false,"template":"","format":"standard","meta":{"_jetpack_memberships_contains_paid_content":false,"footnotes":""},"categories":[30,1],"tags":[],"class_list":["post-135582","post","type-post","status-publish","format-standard","has-post-thumbnail","hentry","category-polideportivo","category-portada"],"jetpack_featured_media_url":"https:\/\/i0.wp.com\/cdnoticias.com\/wp-content\/uploads\/2023\/10\/59-2-e1697046651865.jpg?fit=1080%2C619&ssl=1","jetpack_sharing_enabled":true,"_links":{"self":[{"href":"https:\/\/cdnoticias.com\/index.php\/wp-json\/wp\/v2\/posts\/135582","targetHints":{"allow":["GET"]}}],"collection":[{"href":"https:\/\/cdnoticias.com\/index.php\/wp-json\/wp\/v2\/posts"}],"about":[{"href":"https:\/\/cdnoticias.com\/index.php\/wp-json\/wp\/v2\/types\/post"}],"author":[{"embeddable":true,"href":"https:\/\/cdnoticias.com\/index.php\/wp-json\/wp\/v2\/users\/96739694"}],"replies":[{"embeddable":true,"href":"https:\/\/cdnoticias.com\/index.php\/wp-json\/wp\/v2\/comments?post=135582"}],"version-history":[{"count":0,"href":"https:\/\/cdnoticias.com\/index.php\/wp-json\/wp\/v2\/posts\/135582\/revisions"}],"wp:featuredmedia":[{"embeddable":true,"href":"https:\/\/cdnoticias.com\/index.php\/wp-json\/wp\/v2\/media\/158031"}],"wp:attachment":[{"href":"https:\/\/cdnoticias.com\/index.php\/wp-json\/wp\/v2\/media?parent=135582"}],"wp:term":[{"taxonomy":"category","embeddable":true,"href":"https:\/\/cdnoticias.com\/index.php\/wp-json\/wp\/v2\/categories?post=135582"},{"taxonomy":"post_tag","embeddable":true,"href":"https:\/\/cdnoticias.com\/index.php\/wp-json\/wp\/v2\/tags?post=135582"}],"curies":[{"name":"wp","href":"https:\/\/api.w.org\/{rel}","templated":true}]}}