{"id":135570,"date":"2024-02-11T20:23:36","date_gmt":"2024-02-11T23:23:36","guid":{"rendered":"https:\/\/centraldeportes.com.ar\/?p=47455"},"modified":"2025-02-12T23:33:56","modified_gmt":"2025-02-13T02:33:56","slug":"gaston-mazzacane-tenemos-la-intencion-de-correr-en-olavarria","status":"publish","type":"post","link":"https:\/\/cdnoticias.com\/index.php\/2024\/02\/11\/gaston-mazzacane-tenemos-la-intencion-de-correr-en-olavarria\/","title":{"rendered":"Gast\u00f3n Mazzacane: \u201cTenemos la intenci\u00f3n de correr en Olavarr\u00eda\u201d"},"content":{"rendered":"<p>As\u00ed lo declar\u00f3 el piloto e integrante de la Comisi\u00f3n Directiva de la ACTC en referencia al calendario 2024 de las categor\u00edas, principalmente de las TC Pick Up.<!--more--><\/p>\n<hr \/>\n<p>A la espera de la confirmaci\u00f3n oficial, el trazado del <strong>Aut\u00f3dromo \u201cHermanos Emiliozzi\u201d<\/strong> entr\u00f3 en consideraci\u00f3n para la planificaci\u00f3n de competencias de la ACTC a lo largo del a\u00f1o, sobre todo de las TC Pick Up.<\/p>\n<p>&nbsp;<\/p>\n<p>Por tal motivo, <strong>Gast\u00f3n Mazzacane<\/strong>, piloto e integrante de la Comisi\u00f3n Directiva, <strong>habl\u00f3 con el equipo de Campeones<\/strong> y se refiri\u00f3 a la agenda que se est\u00e1 realizando con algunas fechas confirmadas para el Turismo Carretera y el resteo de las categor\u00edas de la ACTC.<\/p>\n<p>&nbsp;<\/p>\n<p>\u201c<strong><em>Me animo a decir que la carrera en Toay est\u00e1 confirmada para el TC, junto a El Calafate, Viedma, Neuqu\u00e9n y Termas de R\u00edo Hondo, \u00e9sta \u00faltima con el TN<\/em><\/strong>\u201d, declar\u00f3 el platense en primer t\u00e9rmino.<\/p>\n<p>&nbsp;<\/p>\n<p>Mazzacane indic\u00f3 adem\u00e1s que las camionetas estar\u00e1n cumpliendo con parte de su certamen en escenarios del resto del pa\u00eds. \u201c<strong><em>Tenemos la intenci\u00f3n de ir a R\u00edo Cuarto y Olavarr\u00eda, en principio. Y, por qu\u00e9 no, ir a El Calafate tambi\u00e9n<\/em><\/strong>\u201d, se\u00f1al\u00f3 el piloto que integra el equipo Dole Racing en TC y TC Pick Up.<\/p>\n<p>&nbsp;<\/p>\n<p><em><strong>Fuente: Miguel P\u00e1ez \/\/ Campeones.<\/strong><\/em><\/p>\n","protected":false},"excerpt":{"rendered":"<p>As\u00ed lo declar\u00f3 el piloto e integrante de la Comisi\u00f3n Directiva de la ACTC en referencia al calendario 2024 de<\/p>\n","protected":false},"author":96739694,"featured_media":159660,"comment_status":"closed","ping_status":"closed","sticky":false,"template":"","format":"standard","meta":{"_jetpack_memberships_contains_paid_content":false,"footnotes":""},"categories":[34,1,39],"tags":[],"class_list":["post-135570","post","type-post","status-publish","format-standard","has-post-thumbnail","hentry","category-automovilismo","category-portada","category-tc-pick-up"],"jetpack_featured_media_url":"https:\/\/i0.wp.com\/cdnoticias.com\/wp-content\/uploads\/2024\/02\/Gaston-Mazzacane.jpg?fit=1000%2C500&ssl=1","jetpack_sharing_enabled":true,"_links":{"self":[{"href":"https:\/\/cdnoticias.com\/index.php\/wp-json\/wp\/v2\/posts\/135570","targetHints":{"allow":["GET"]}}],"collection":[{"href":"https:\/\/cdnoticias.com\/index.php\/wp-json\/wp\/v2\/posts"}],"about":[{"href":"https:\/\/cdnoticias.com\/index.php\/wp-json\/wp\/v2\/types\/post"}],"author":[{"embeddable":true,"href":"https:\/\/cdnoticias.com\/index.php\/wp-json\/wp\/v2\/users\/96739694"}],"replies":[{"embeddable":true,"href":"https:\/\/cdnoticias.com\/index.php\/wp-json\/wp\/v2\/comments?post=135570"}],"version-history":[{"count":0,"href":"https:\/\/cdnoticias.com\/index.php\/wp-json\/wp\/v2\/posts\/135570\/revisions"}],"wp:featuredmedia":[{"embeddable":true,"href":"https:\/\/cdnoticias.com\/index.php\/wp-json\/wp\/v2\/media\/159660"}],"wp:attachment":[{"href":"https:\/\/cdnoticias.com\/index.php\/wp-json\/wp\/v2\/media?parent=135570"}],"wp:term":[{"taxonomy":"category","embeddable":true,"href":"https:\/\/cdnoticias.com\/index.php\/wp-json\/wp\/v2\/categories?post=135570"},{"taxonomy":"post_tag","embeddable":true,"href":"https:\/\/cdnoticias.com\/index.php\/wp-json\/wp\/v2\/tags?post=135570"}],"curies":[{"name":"wp","href":"https:\/\/api.w.org\/{rel}","templated":true}]}}