{"id":135566,"date":"2024-02-10T11:56:07","date_gmt":"2024-02-10T14:56:07","guid":{"rendered":"https:\/\/centraldeportes.com.ar\/?p=47437"},"modified":"2025-02-12T23:34:04","modified_gmt":"2025-02-13T02:34:04","slug":"falasco-y-cardillo-con-gol-incluido-iniciaron-la-temporada-en-reserva-de-afa","status":"publish","type":"post","link":"https:\/\/cdnoticias.com\/index.php\/2024\/02\/10\/falasco-y-cardillo-con-gol-incluido-iniciaron-la-temporada-en-reserva-de-afa\/","title":{"rendered":"Falasco y Cardillo, con gol incluido, iniciaron la temporada en Reserva de AFA"},"content":{"rendered":"<p>La divisi\u00f3n preliminar puso en marcha la Copa Proyecci\u00f3n y ambos olavarrienses fueron titulares en la victoria de sus respectivos equipos.<!--more--><\/p>\n<hr \/>\n<p>Durante el transcurso de la \u00faltima semana, la <strong>Divisi\u00f3n Reserva de AFA<\/strong> arranc\u00f3 de lleno la temporada y le dio marcha a la <strong>Copa Proyecci\u00f3n<\/strong> con acci\u00f3n completa en la 1\u00b0 fecha.<\/p>\n<p>&nbsp;<\/p>\n<p><strong>Lucio Falasco<\/strong> <strong>y Mauricio Cardillo estuvieron presentes en los debuts de Godoy Cruz y Lan\u00fas respectivamente<\/strong>. Ambos equipos comparten la Zona B y comenzaron con el pie derecho en la competencia.<\/p>\n<p>&nbsp;<\/p>\n<div class=\"tiled-gallery type-rectangular tiled-gallery-unresized\" data-original-width=\"800\" data-carousel-extra='null' itemscope itemtype=\"http:\/\/schema.org\/ImageGallery\" > <div class=\"gallery-row\" style=\"width: 800px; height: 447px;\" data-original-width=\"800\" data-original-height=\"447\" > <div class=\"gallery-group images-1\" style=\"width: 800px; height: 447px;\" data-original-width=\"800\" data-original-height=\"447\" > <div class=\"tiled-gallery-item tiled-gallery-item-large\" itemprop=\"associatedMedia\" itemscope itemtype=\"http:\/\/schema.org\/ImageObject\"> <a href=\"https:\/\/i0.wp.com\/cdnoticias.com\/wp-content\/uploads\/2022\/02\/colonia-san-miguel-calles-02.jpg?ssl=1\" border=\"0\" itemprop=\"url\"> <meta itemprop=\"width\" content=\"796\"> <meta itemprop=\"height\" content=\"443\"> <img decoding=\"async\" class=\"\" data-attachment-id=\"47438\" data-orig-file=\"https:\/\/cdnoticias.com\/wp-content\/uploads\/2022\/02\/colonia-san-miguel-calles-02.jpg\" data-orig-size=\"800,445\" data-comments-opened=\"\" data-image-meta=\"{&quot;aperture&quot;:&quot;0&quot;,&quot;credit&quot;:&quot;&quot;,&quot;camera&quot;:&quot;&quot;,&quot;caption&quot;:&quot;&quot;,&quot;created_timestamp&quot;:&quot;0&quot;,&quot;copyright&quot;:&quot;&quot;,&quot;focal_length&quot;:&quot;0&quot;,&quot;iso&quot;:&quot;0&quot;,&quot;shutter_speed&quot;:&quot;0&quot;,&quot;title&quot;:&quot;&quot;,&quot;orientation&quot;:&quot;1&quot;}\" data-image-title=\"colonia san miguel calles 02\" data-image-description=\"\" data-medium-file=\"https:\/\/i0.wp.com\/cdnoticias.com\/wp-content\/uploads\/2022\/02\/colonia-san-miguel-calles-02.jpg?fit=300%2C167&#038;ssl=1\" data-large-file=\"https:\/\/i0.wp.com\/cdnoticias.com\/wp-content\/uploads\/2022\/02\/colonia-san-miguel-calles-02.jpg?fit=800%2C445&#038;ssl=1\" src=\"https:\/\/i0.wp.com\/cdnoticias.com\/wp-content\/uploads\/2022\/02\/colonia-san-miguel-calles-02.jpg?w=796&#038;h=443&#038;ssl=1\" srcset=\"https:\/\/i0.wp.com\/cdnoticias.com\/wp-content\/uploads\/2022\/02\/colonia-san-miguel-calles-02.jpg?w=800&amp;ssl=1 800w, https:\/\/i0.wp.com\/cdnoticias.com\/wp-content\/uploads\/2022\/02\/colonia-san-miguel-calles-02.jpg?resize=300%2C167&amp;ssl=1 300w, https:\/\/i0.wp.com\/cdnoticias.com\/wp-content\/uploads\/2022\/02\/colonia-san-miguel-calles-02.jpg?resize=768%2C427&amp;ssl=1 768w\" width=\"796\" height=\"443\" loading=\"lazy\" data-original-width=\"796\" data-original-height=\"443\" itemprop=\"http:\/\/schema.org\/image\" title=\"colonia san miguel calles 02\" alt=\"colonia san miguel calles 02\" style=\"width: 796px; height: 443px;\" \/> <\/a> <\/div> <\/div> <!-- close group --> <\/div> <!-- close row --> <\/div>\n<p>&nbsp;<\/p>\n<p>Por un lado, en Mendoza, <strong>el \u201cTomba\u201d se impuso 1 a 0 frente a Defensa y Justicia<\/strong> con la participaci\u00f3n de Falasco en el once titular. M\u00e1s tarde, en la etapa complementaria, el surgido en Embajadores fue reemplazado a los 83\u2019.<\/p>\n<p>&nbsp;<\/p>\n<p><strong>A la par y con estreno en la red, Cardillo aporto lo suyo en el triunfo 3 a 1 del \u201cGranate\u201d sobre Platense<\/strong> en el Estadio Ciudad de Vicente L\u00f3pez. El volante olavarriense fue de la partida y marc\u00f3 el empate transitorio de su equipo a los dos minutos del segundo tiempo. M\u00e1s tarde, a los 75\u2019, fue sustituido por Luciano Su\u00e1rez.<\/p>\n<p>&nbsp;<\/p>\n<p><img data-recalc-dims=\"1\" loading=\"lazy\" decoding=\"async\" class=\"aligncenter size-full wp-image-47440\" src=\"https:\/\/i0.wp.com\/cdnoticias.com\/wp-content\/uploads\/2024\/02\/Cardillo-Lanus-Reserva-fecha-1.jpg?resize=800%2C533&#038;ssl=1\" alt=\"\" width=\"800\" height=\"533\" \/><\/p>\n<p>&nbsp;<\/p>\n<p>En la pr\u00f3xima fecha, Lan\u00fas y Godoy Cruz se ver\u00e1n las caras y habr\u00e1 choque entre ambos futbolistas de nuestra ciudad.<\/p>\n<p>&nbsp;<\/p>\n<p><em><strong>Fotos: Club Lan\u00fas.<\/strong><\/em><\/p>\n","protected":false},"excerpt":{"rendered":"<p>La divisi\u00f3n preliminar puso en marcha la Copa Proyecci\u00f3n y ambos olavarrienses fueron titulares en la victoria de sus respectivos<\/p>\n","protected":false},"author":96739694,"featured_media":159670,"comment_status":"closed","ping_status":"closed","sticky":false,"template":"","format":"standard","meta":{"_jetpack_memberships_contains_paid_content":false,"footnotes":""},"categories":[37,42,1],"tags":[],"class_list":["post-135566","post","type-post","status-publish","format-standard","has-post-thumbnail","hentry","category-futbol-profesional","category-olavarrienses-en-lugares","category-portada"],"jetpack_featured_media_url":"https:\/\/i0.wp.com\/cdnoticias.com\/wp-content\/uploads\/2024\/02\/Cardillo-Lanus-Reserva-fecha-1a-e1707576954854.jpg?fit=998%2C611&ssl=1","jetpack_sharing_enabled":true,"_links":{"self":[{"href":"https:\/\/cdnoticias.com\/index.php\/wp-json\/wp\/v2\/posts\/135566","targetHints":{"allow":["GET"]}}],"collection":[{"href":"https:\/\/cdnoticias.com\/index.php\/wp-json\/wp\/v2\/posts"}],"about":[{"href":"https:\/\/cdnoticias.com\/index.php\/wp-json\/wp\/v2\/types\/post"}],"author":[{"embeddable":true,"href":"https:\/\/cdnoticias.com\/index.php\/wp-json\/wp\/v2\/users\/96739694"}],"replies":[{"embeddable":true,"href":"https:\/\/cdnoticias.com\/index.php\/wp-json\/wp\/v2\/comments?post=135566"}],"version-history":[{"count":0,"href":"https:\/\/cdnoticias.com\/index.php\/wp-json\/wp\/v2\/posts\/135566\/revisions"}],"wp:featuredmedia":[{"embeddable":true,"href":"https:\/\/cdnoticias.com\/index.php\/wp-json\/wp\/v2\/media\/159670"}],"wp:attachment":[{"href":"https:\/\/cdnoticias.com\/index.php\/wp-json\/wp\/v2\/media?parent=135566"}],"wp:term":[{"taxonomy":"category","embeddable":true,"href":"https:\/\/cdnoticias.com\/index.php\/wp-json\/wp\/v2\/categories?post=135566"},{"taxonomy":"post_tag","embeddable":true,"href":"https:\/\/cdnoticias.com\/index.php\/wp-json\/wp\/v2\/tags?post=135566"}],"curies":[{"name":"wp","href":"https:\/\/api.w.org\/{rel}","templated":true}]}}