{"id":135561,"date":"2024-02-09T00:41:45","date_gmt":"2024-02-09T03:41:45","guid":{"rendered":"https:\/\/centraldeportes.com.ar\/?p=47416"},"modified":"2025-02-12T23:34:11","modified_gmt":"2025-02-13T02:34:11","slug":"deportivo-viedma-vencio-a-provincial-en-un-partidazo","status":"publish","type":"post","link":"https:\/\/cdnoticias.com\/index.php\/2024\/02\/09\/deportivo-viedma-vencio-a-provincial-en-un-partidazo\/","title":{"rendered":"Deportivo Viedma venci\u00f3 a Provincial en un partidazo"},"content":{"rendered":"<p>En la noche del mi\u00e9rcoles, Deportivo Viedma venci\u00f3 a Provincial en el Cayetano Arias en la continuidad de la Liga Argentina.<!--more--><\/p>\n<hr \/>\n<p>\u201cDepo\u201d le gan\u00f3 al conjunto rosarino 97 a 83 en un partido intenso, con buenos momentos de ambos conjuntos, para seguir peleando en los primeros puestos de la Conferencia Sur.<\/p>\n<p>&nbsp;<\/p>\n<p>En el inicio del encuentro el local fue incisivo, se puso arriba en el marcador y con gran eficacia aprovech\u00f3 las falencias defensivas de Provincial que mostr\u00f3 toda su impronta en el segundo cuarto para reducir la diferencia de m\u00e1s de dos d\u00edgitos antes del entretiempo.<\/p>\n<p>&nbsp;<\/p>\n<p>Durante los \u00faltimos minutos, el duelo sigui\u00f3 con la misma intensidad, pero aparecieron los errores no forzados y la falta de precisi\u00f3n a la hora de tirar al aro por parte de los rionegrinos. Pero no tuvieron m\u00e1s complicaciones a la hora de armar jugadas colectivas con transiciones r\u00e1pidas, t\u00e1ctica que lleva adelante \u201cDepo\u201d desde el inicio de esta temporada.<\/p>\n<p>&nbsp;<\/p>\n<p>Si bien, Provincial dio pelea todo el partido, incomodando a los locales, siempre empuj\u00f3 desde abajo en el marcador y no le alcanz\u00f3 para apaciguar el buen momento de los de Viedma.<\/p>\n<p>&nbsp;<\/p>\n<p>Mariano Marina fue uno de los jugadores destacados del equipo de R\u00edo Negro con 20 puntos, 7 rebotes y 9 asistencias en 26:28 minutos y Luciano Tambucci sum\u00f3 7 puntos, 2 rebotes y 2 recuperos en 20:29.<\/p>\n<p>&nbsp;<\/p>\n<p>Los dirigidos por Guillermo Bogliacino cambian el chip y ya piensan en el partido del viernes frente a La Uni\u00f3n en el Cayetano Arias.<\/p>\n","protected":false},"excerpt":{"rendered":"<p>En la noche del mi\u00e9rcoles, Deportivo Viedma venci\u00f3 a Provincial en el Cayetano Arias en la continuidad de la Liga<\/p>\n","protected":false},"author":96739694,"featured_media":159343,"comment_status":"closed","ping_status":"closed","sticky":false,"template":"","format":"standard","meta":{"_jetpack_memberships_contains_paid_content":false,"footnotes":""},"categories":[31,32,1],"tags":[],"class_list":["post-135561","post","type-post","status-publish","format-standard","has-post-thumbnail","hentry","category-basquet","category-liga-argentina","category-portada"],"jetpack_featured_media_url":"https:\/\/i0.wp.com\/cdnoticias.com\/wp-content\/uploads\/2024\/01\/Marina_vs_Ciclista.jpg?fit=730%2C487&ssl=1","jetpack_sharing_enabled":true,"_links":{"self":[{"href":"https:\/\/cdnoticias.com\/index.php\/wp-json\/wp\/v2\/posts\/135561","targetHints":{"allow":["GET"]}}],"collection":[{"href":"https:\/\/cdnoticias.com\/index.php\/wp-json\/wp\/v2\/posts"}],"about":[{"href":"https:\/\/cdnoticias.com\/index.php\/wp-json\/wp\/v2\/types\/post"}],"author":[{"embeddable":true,"href":"https:\/\/cdnoticias.com\/index.php\/wp-json\/wp\/v2\/users\/96739694"}],"replies":[{"embeddable":true,"href":"https:\/\/cdnoticias.com\/index.php\/wp-json\/wp\/v2\/comments?post=135561"}],"version-history":[{"count":0,"href":"https:\/\/cdnoticias.com\/index.php\/wp-json\/wp\/v2\/posts\/135561\/revisions"}],"wp:featuredmedia":[{"embeddable":true,"href":"https:\/\/cdnoticias.com\/index.php\/wp-json\/wp\/v2\/media\/159343"}],"wp:attachment":[{"href":"https:\/\/cdnoticias.com\/index.php\/wp-json\/wp\/v2\/media?parent=135561"}],"wp:term":[{"taxonomy":"category","embeddable":true,"href":"https:\/\/cdnoticias.com\/index.php\/wp-json\/wp\/v2\/categories?post=135561"},{"taxonomy":"post_tag","embeddable":true,"href":"https:\/\/cdnoticias.com\/index.php\/wp-json\/wp\/v2\/tags?post=135561"}],"curies":[{"name":"wp","href":"https:\/\/api.w.org\/{rel}","templated":true}]}}