{"id":135538,"date":"2024-02-03T11:45:16","date_gmt":"2024-02-03T14:45:16","guid":{"rendered":"https:\/\/centraldeportes.com.ar\/?p=47326"},"modified":"2025-02-12T23:33:16","modified_gmt":"2025-02-13T02:33:16","slug":"copa-de-la-liga-la-2-fecha-tuvo-triple-presencia-local","status":"publish","type":"post","link":"https:\/\/cdnoticias.com\/index.php\/2024\/02\/03\/copa-de-la-liga-la-2-fecha-tuvo-triple-presencia-local\/","title":{"rendered":"Copa de la Liga: la 2\u00b0 fecha tuvo triple presencia local"},"content":{"rendered":"<p>Aunque con pocos minutos, los tres olavarrienses formaron parte de la fecha entresemana en la \u00e9lite del f\u00fatbol nacional.<!--more--><\/p>\n<hr \/>\n<p>De forma consecutiva a la fecha debut, entre lunes y jueves pasado la Primera Divisi\u00f3n del f\u00fatbol argentino celebr\u00f3 la <strong>2\u00b0 fecha de la Copa de la Liga<\/strong> y fue con presencia de tres jugadores de nuestra ciudad.<\/p>\n<p>&nbsp;<\/p>\n<p>En primer t\u00e9rmino, <strong>Santiago Salle<\/strong> integr\u00f3 el banco de suplentes de Independiente en la victoria 1 a 0 sobre V\u00e9lez Sarsfield en el Jos\u00e9 Amalfitani. Con el resultado conseguido, el \u201cRojo\u201d de Avellaneda es el \u00fanico l\u00edder de la Zona A con dos jugados y dos ganados.<\/p>\n<p>&nbsp;<\/p>\n<p>Por otro lado, Boca Juniors, que a\u00fan no logra sumar de a tres, igual\u00f3 1 a 1 con Sarmiento de Jun\u00edn en el Nuevo Gas\u00f3metro. <strong>Lucas Janson<\/strong> no fue de la partida, pero ingres\u00f3 a los 83\u2019 en reemplazo de Pol Fern\u00e1ndez.<\/p>\n<p>&nbsp;<\/p>\n<p>Otro de los equipos con puntaje ideal es Godoy Cruz, que logr\u00f3 un importante festejo de visitante. El \u201cTomba\u201d venci\u00f3 2 a 0 a Central C\u00f3rdoba y escal\u00f3 a la cima del Grupo B junto con Newell\u2019s y Estudiantes. El defensor <strong>Braian Salvareschi<\/strong> estuvo entre los suplentes.<\/p>\n<p>&nbsp;<\/p>\n<p><em><strong>Foto: Club Godoy Cruz.<\/strong><\/em><\/p>\n","protected":false},"excerpt":{"rendered":"<p>Aunque con pocos minutos, los tres olavarrienses formaron parte de la fecha entresemana en la \u00e9lite del f\u00fatbol nacional.<\/p>\n","protected":false},"author":96739694,"featured_media":159613,"comment_status":"closed","ping_status":"closed","sticky":false,"template":"","format":"standard","meta":{"_jetpack_memberships_contains_paid_content":false,"footnotes":""},"categories":[37,1],"tags":[],"class_list":["post-135538","post","type-post","status-publish","format-standard","has-post-thumbnail","hentry","category-futbol-profesional","category-portada"],"jetpack_featured_media_url":"https:\/\/i0.wp.com\/cdnoticias.com\/wp-content\/uploads\/2024\/02\/Copa-de-la-Liga-Godoy-Cruz-fecha-2.jpg?fit=1000%2C666&ssl=1","jetpack_sharing_enabled":true,"_links":{"self":[{"href":"https:\/\/cdnoticias.com\/index.php\/wp-json\/wp\/v2\/posts\/135538","targetHints":{"allow":["GET"]}}],"collection":[{"href":"https:\/\/cdnoticias.com\/index.php\/wp-json\/wp\/v2\/posts"}],"about":[{"href":"https:\/\/cdnoticias.com\/index.php\/wp-json\/wp\/v2\/types\/post"}],"author":[{"embeddable":true,"href":"https:\/\/cdnoticias.com\/index.php\/wp-json\/wp\/v2\/users\/96739694"}],"replies":[{"embeddable":true,"href":"https:\/\/cdnoticias.com\/index.php\/wp-json\/wp\/v2\/comments?post=135538"}],"version-history":[{"count":0,"href":"https:\/\/cdnoticias.com\/index.php\/wp-json\/wp\/v2\/posts\/135538\/revisions"}],"wp:featuredmedia":[{"embeddable":true,"href":"https:\/\/cdnoticias.com\/index.php\/wp-json\/wp\/v2\/media\/159613"}],"wp:attachment":[{"href":"https:\/\/cdnoticias.com\/index.php\/wp-json\/wp\/v2\/media?parent=135538"}],"wp:term":[{"taxonomy":"category","embeddable":true,"href":"https:\/\/cdnoticias.com\/index.php\/wp-json\/wp\/v2\/categories?post=135538"},{"taxonomy":"post_tag","embeddable":true,"href":"https:\/\/cdnoticias.com\/index.php\/wp-json\/wp\/v2\/tags?post=135538"}],"curies":[{"name":"wp","href":"https:\/\/api.w.org\/{rel}","templated":true}]}}