{"id":135537,"date":"2024-02-03T00:26:11","date_gmt":"2024-02-03T03:26:11","guid":{"rendered":"https:\/\/centraldeportes.com.ar\/?p=47321"},"modified":"2025-02-12T23:33:17","modified_gmt":"2025-02-13T02:33:17","slug":"torneo-de-verano-jugaron-la-2-fecha-y-hay-un-finalista","status":"publish","type":"post","link":"https:\/\/cdnoticias.com\/index.php\/2024\/02\/03\/torneo-de-verano-jugaron-la-2-fecha-y-hay-un-finalista\/","title":{"rendered":"Torneo de Verano: jugaron la 2\u00b0 fecha y hay un finalista"},"content":{"rendered":"<p>En la noche de este viernes se jug\u00f3 la segunda fecha del Torneo de Verano organizado por la Asociaci\u00f3n de B\u00e1squet de Olavarr\u00eda y hubo triunfos para Racing y Estudiantes que se asegur\u00f3 su presencia en la definici\u00f3n.<!--more--><\/p>\n<hr \/>\n<p>A pesar de faltar a\u00fan una fecha de la Etapa Regular, Estudiantes logr\u00f3 su segundo triunfo y jugar\u00e1 por el t\u00edtulo. Fue despu\u00e9s de vencer a Loma Negra en el Club de Pesca.<\/p>\n<p>&nbsp;<\/p>\n<p>Por otro lado, en el Willy Matos, Racing de La Madrid sum\u00f3 su primera victoria del certamen al derrotar a Chacarita y ambos equipos jugar\u00e1n por el lugar restante a la final.<\/p>\n<p>&nbsp;<\/p>\n<p>Los resultados:<\/p>\n<p>Loma Negra 48-69 Estudaintes<br \/>\nRacing (L) 96-89 Chacarita<\/p>\n<p><strong>S\u00edntesis Racing (L) \u2013 Chacarita:<\/strong><br \/>\nEstadio: Willy Matos<br \/>\n\u00c1rbitros: Dom\u00ednguez, M. y Sosa, J.<br \/>\n<strong>Racing (96):<\/strong> Barrag\u00e1n (15), Nieto (21), Erdocia (0), Castro (2), Rodr\u00edguez (10) -FI- Acu\u00f1a (0), Cincunegui (24), M\u00e1rquez (3), Peretti (8), Estrampes (8), Malianni (5). DT- Marcelo Haag.<br \/>\n<strong>Chacarita (89):<\/strong> Mingarro (9), Acevedo (18), Encinas (24), Schaw (19), N\u00fa\u00f1ez (7) -FI- Regalado (1), Maica (12), Castex (2), Querio (0), Pioli (2), Hern\u00e1ndez (3). DT- Mart\u00edn Encinas.<br \/>\nParciales: 25-37; 56-49; 71-70 y 96-89.<\/p>\n","protected":false},"excerpt":{"rendered":"<p>En la noche de este viernes se jug\u00f3 la segunda fecha del Torneo de Verano organizado por la Asociaci\u00f3n de<\/p>\n","protected":false},"author":96739694,"featured_media":159617,"comment_status":"closed","ping_status":"closed","sticky":false,"template":"","format":"standard","meta":{"_jetpack_memberships_contains_paid_content":false,"footnotes":""},"categories":[31,1,43],"tags":[],"class_list":["post-135537","post","type-post","status-publish","format-standard","has-post-thumbnail","hentry","category-basquet","category-portada","category-primera"],"jetpack_featured_media_url":"https:\/\/i0.wp.com\/cdnoticias.com\/wp-content\/uploads\/2024\/02\/WhatsApp-Image-2024-02-03-at-00.02.17-e1706930763672.jpeg?fit=1568%2C968&ssl=1","jetpack_sharing_enabled":true,"_links":{"self":[{"href":"https:\/\/cdnoticias.com\/index.php\/wp-json\/wp\/v2\/posts\/135537","targetHints":{"allow":["GET"]}}],"collection":[{"href":"https:\/\/cdnoticias.com\/index.php\/wp-json\/wp\/v2\/posts"}],"about":[{"href":"https:\/\/cdnoticias.com\/index.php\/wp-json\/wp\/v2\/types\/post"}],"author":[{"embeddable":true,"href":"https:\/\/cdnoticias.com\/index.php\/wp-json\/wp\/v2\/users\/96739694"}],"replies":[{"embeddable":true,"href":"https:\/\/cdnoticias.com\/index.php\/wp-json\/wp\/v2\/comments?post=135537"}],"version-history":[{"count":0,"href":"https:\/\/cdnoticias.com\/index.php\/wp-json\/wp\/v2\/posts\/135537\/revisions"}],"wp:featuredmedia":[{"embeddable":true,"href":"https:\/\/cdnoticias.com\/index.php\/wp-json\/wp\/v2\/media\/159617"}],"wp:attachment":[{"href":"https:\/\/cdnoticias.com\/index.php\/wp-json\/wp\/v2\/media?parent=135537"}],"wp:term":[{"taxonomy":"category","embeddable":true,"href":"https:\/\/cdnoticias.com\/index.php\/wp-json\/wp\/v2\/categories?post=135537"},{"taxonomy":"post_tag","embeddable":true,"href":"https:\/\/cdnoticias.com\/index.php\/wp-json\/wp\/v2\/tags?post=135537"}],"curies":[{"name":"wp","href":"https:\/\/api.w.org\/{rel}","templated":true}]}}