{"id":135521,"date":"2024-01-29T23:07:59","date_gmt":"2024-01-30T02:07:59","guid":{"rendered":"https:\/\/centraldeportes.com.ar\/?p=47259"},"modified":"2025-02-12T23:32:12","modified_gmt":"2025-02-13T02:32:12","slug":"janson-y-salvareschi-comenzaron-la-temporada-en-primera-division","status":"publish","type":"post","link":"https:\/\/cdnoticias.com\/index.php\/2024\/01\/29\/janson-y-salvareschi-comenzaron-la-temporada-en-primera-division\/","title":{"rendered":"Janson y Salvareschi comenzaron la temporada en Primera Divisi\u00f3n"},"content":{"rendered":"<p>Este \u00faltimo fin de semana, la m\u00e1xima categor\u00eda del f\u00fatbol argentino inaugur\u00f3 una nueva edici\u00f3n de la Copa de la Liga y fue con las presencias de ambos futbolistas de nuestra ciudad.<!--more--><\/p>\n<hr \/>\n<p>Fin de mes, en plena temporada estival, y los 28 clubes de Primera Divisi\u00f3n disputaron entre jueves y el \u00faltimo domingo la <strong>1\u00b0 fecha de la Copa de la Liga Profesional<\/strong>, primer certamen oficial del a\u00f1o que cont\u00f3 con presencias de olavarrienses.<\/p>\n<p>&nbsp;<\/p>\n<p>Con el estreno en torneos oficiales para Diego Mart\u00ednez, <strong>Boca Juniors qued\u00f3 a mano con Platense<\/strong> en un partido chato y empat\u00f3 0 a 0 en el reducto de Vicente L\u00f3pez. <strong>Lucas Janson sum\u00f3 sus primeros minutos de la temporada en el segundo tiempo, ya que comenz\u00f3 de suplente e ingres\u00f3 a los 67\u2019 por Ezequiel Bullaude<\/strong>.<\/p>\n<p>&nbsp;<\/p>\n<p>Por otro lado, en Mendoza, <strong>Godoy Cruz<\/strong> arranc\u00f3 con el pie derecho y cosech\u00f3 sus primeros tres puntos en la Zona B. <strong>Derrot\u00f3 2 a 0 a Defensa y Justicia y fue con la participaci\u00f3n de Braian Salvareschi en el banco<\/strong>, pero el defensor no tuvo acci\u00f3n en el verde c\u00e9sped.<\/p>\n<p>&nbsp;<\/p>\n<p>Con poco descanso, a lo largo de la semana se jugar\u00e1 la 2\u00b0 fecha del certamen. Ambos jugar\u00e1n el venidero jueves. <strong>El \u201cXeneize\u201d, que har\u00e1 de local en el Nuevo Gas\u00f3metro, enfrentar\u00e1 a Sarmiento de Jun\u00edn desde las 19:00, mientras que el \u201cTomba\u201d visitar\u00e1 a Central C\u00f3rdoba de Santiago del Estero a partir de las 21:30 horas<\/strong>.<\/p>\n<p>&nbsp;<\/p>\n<p><em><strong>Foto: Andr\u00e9s Arouxet.<\/strong><\/em><\/p>\n","protected":false},"excerpt":{"rendered":"<p>Este \u00faltimo fin de semana, la m\u00e1xima categor\u00eda del f\u00fatbol argentino inaugur\u00f3 una nueva edici\u00f3n de la Copa de la<\/p>\n","protected":false},"author":96739694,"featured_media":159531,"comment_status":"closed","ping_status":"closed","sticky":false,"template":"","format":"standard","meta":{"_jetpack_memberships_contains_paid_content":false,"footnotes":""},"categories":[37,1],"tags":[],"class_list":["post-135521","post","type-post","status-publish","format-standard","has-post-thumbnail","hentry","category-futbol-profesional","category-portada"],"jetpack_featured_media_url":"https:\/\/i0.wp.com\/cdnoticias.com\/wp-content\/uploads\/2024\/01\/Lucas-Janson-1%C2%B0-fecha-CLP-2024-e1706580449426.jpg?fit=798%2C480&ssl=1","jetpack_sharing_enabled":true,"_links":{"self":[{"href":"https:\/\/cdnoticias.com\/index.php\/wp-json\/wp\/v2\/posts\/135521","targetHints":{"allow":["GET"]}}],"collection":[{"href":"https:\/\/cdnoticias.com\/index.php\/wp-json\/wp\/v2\/posts"}],"about":[{"href":"https:\/\/cdnoticias.com\/index.php\/wp-json\/wp\/v2\/types\/post"}],"author":[{"embeddable":true,"href":"https:\/\/cdnoticias.com\/index.php\/wp-json\/wp\/v2\/users\/96739694"}],"replies":[{"embeddable":true,"href":"https:\/\/cdnoticias.com\/index.php\/wp-json\/wp\/v2\/comments?post=135521"}],"version-history":[{"count":0,"href":"https:\/\/cdnoticias.com\/index.php\/wp-json\/wp\/v2\/posts\/135521\/revisions"}],"wp:featuredmedia":[{"embeddable":true,"href":"https:\/\/cdnoticias.com\/index.php\/wp-json\/wp\/v2\/media\/159531"}],"wp:attachment":[{"href":"https:\/\/cdnoticias.com\/index.php\/wp-json\/wp\/v2\/media?parent=135521"}],"wp:term":[{"taxonomy":"category","embeddable":true,"href":"https:\/\/cdnoticias.com\/index.php\/wp-json\/wp\/v2\/categories?post=135521"},{"taxonomy":"post_tag","embeddable":true,"href":"https:\/\/cdnoticias.com\/index.php\/wp-json\/wp\/v2\/tags?post=135521"}],"curies":[{"name":"wp","href":"https:\/\/api.w.org\/{rel}","templated":true}]}}