{"id":135509,"date":"2024-01-25T23:29:20","date_gmt":"2024-01-26T02:29:20","guid":{"rendered":"https:\/\/centraldeportes.com.ar\/?p=47193"},"modified":"2025-02-12T23:30:57","modified_gmt":"2025-02-13T02:30:57","slug":"mas-de-800-atletas-corrieron-la-primera-correcaminata-nocturna","status":"publish","type":"post","link":"https:\/\/cdnoticias.com\/index.php\/2024\/01\/25\/mas-de-800-atletas-corrieron-la-primera-correcaminata-nocturna\/","title":{"rendered":"M\u00e1s de 800 atletas corrieron la primera Correcaminata Nocturna"},"content":{"rendered":"<p>M\u00e1s de 800 atletas completaron en la noche de este jueves la primera Correcaminata Nocturna del 2024 organizada por la Subsecretar\u00eda de Deportes de la Municipalidad de Olavarr\u00eda. Gustavo y Cecilia Fern\u00e1ndez se quedaron con el triunfo.<!--more--><\/p>\n<hr \/>\n<p>Gran marco de p\u00fablico, muchos atletas y una verdadera fiesta le dieron marco a la primera edici\u00f3n del 2024 de la tradicional correcaminata que cont\u00f3 adem\u00e1s de la prueba, una clase de gimnasia y carrera para Infantiles que recibieron sus medallas.<\/p>\n<p>&nbsp;<\/p>\n<p>En lo que respecta a la competencia, el m\u00e1s veloz fue Gustavo Fern\u00e1ndez, ganador absoluto de la carrera alrededor del Parque Mitre y entre las Damas, el triunfo fue para Cecilia Fern\u00e1ndez tambi\u00e9n completando los 3K a gran ritmo.<\/p>\n<p>&nbsp;<\/p>\n<p>[soliloquy id=&#8221;47195&#8243;]<\/p>\n<p>&nbsp;<\/p>\n<p>La tradicional entrega de premios estuvo a cargo del intendente Maximiliano Wesner que presenci\u00f3 desde primera fila la carrera.<\/p>\n<p>&nbsp;<\/p>\n<p>La pr\u00f3xima edici\u00f3n, cerrando la temporada estival, ser\u00e1 el 21 de febrero pr\u00f3ximo.<\/p>\n<p>&nbsp;<\/p>\n<p>Los resultados:<\/p>\n<p>Caballeros:<br \/>\n1\u00b0 Gustavo Fern\u00e1ndez con 8:44<br \/>\n2\u00b0 Manuel Aramburu con 9:05<br \/>\n3\u00b0 Luciano Sosa con 9:23<br \/>\n4\u00b0 Lucas Mart\u00edn<br \/>\n5\u00b0 Ezequiel Magallanes<\/p>\n<p>Damas:<br \/>\n1\u00b0 Cecilia Fern\u00e1ndez con 10:38<br \/>\n2\u00b0 Noelia Romero con 11:41<br \/>\n3\u00b0 Laura Trumpio con 11:53<br \/>\n4\u00b0 Sof\u00eda Giles<br \/>\n5\u00b0 Valentina Mart\u00edn<\/p>\n","protected":false},"excerpt":{"rendered":"<p>M\u00e1s de 800 atletas completaron en la noche de este jueves la primera Correcaminata Nocturna del 2024 organizada por la<\/p>\n","protected":false},"author":96739694,"featured_media":159441,"comment_status":"closed","ping_status":"closed","sticky":false,"template":"","format":"standard","meta":{"_jetpack_memberships_contains_paid_content":false,"footnotes":""},"categories":[38,1],"tags":[],"class_list":["post-135509","post","type-post","status-publish","format-standard","has-post-thumbnail","hentry","category-pedestrismo","category-portada"],"jetpack_featured_media_url":"https:\/\/i0.wp.com\/cdnoticias.com\/wp-content\/uploads\/2024\/01\/correcaminata-12.jpg?fit=1280%2C853&ssl=1","jetpack_sharing_enabled":true,"_links":{"self":[{"href":"https:\/\/cdnoticias.com\/index.php\/wp-json\/wp\/v2\/posts\/135509","targetHints":{"allow":["GET"]}}],"collection":[{"href":"https:\/\/cdnoticias.com\/index.php\/wp-json\/wp\/v2\/posts"}],"about":[{"href":"https:\/\/cdnoticias.com\/index.php\/wp-json\/wp\/v2\/types\/post"}],"author":[{"embeddable":true,"href":"https:\/\/cdnoticias.com\/index.php\/wp-json\/wp\/v2\/users\/96739694"}],"replies":[{"embeddable":true,"href":"https:\/\/cdnoticias.com\/index.php\/wp-json\/wp\/v2\/comments?post=135509"}],"version-history":[{"count":0,"href":"https:\/\/cdnoticias.com\/index.php\/wp-json\/wp\/v2\/posts\/135509\/revisions"}],"wp:featuredmedia":[{"embeddable":true,"href":"https:\/\/cdnoticias.com\/index.php\/wp-json\/wp\/v2\/media\/159441"}],"wp:attachment":[{"href":"https:\/\/cdnoticias.com\/index.php\/wp-json\/wp\/v2\/media?parent=135509"}],"wp:term":[{"taxonomy":"category","embeddable":true,"href":"https:\/\/cdnoticias.com\/index.php\/wp-json\/wp\/v2\/categories?post=135509"},{"taxonomy":"post_tag","embeddable":true,"href":"https:\/\/cdnoticias.com\/index.php\/wp-json\/wp\/v2\/tags?post=135509"}],"curies":[{"name":"wp","href":"https:\/\/api.w.org\/{rel}","templated":true}]}}