{"id":135501,"date":"2024-01-23T21:02:35","date_gmt":"2024-01-24T00:02:35","guid":{"rendered":"https:\/\/centraldeportes.com.ar\/?p=47136"},"modified":"2025-02-12T23:31:09","modified_gmt":"2025-02-13T02:31:09","slug":"embajadores-municipales-y-loma-negra-comenzaron-a-moverse","status":"publish","type":"post","link":"https:\/\/cdnoticias.com\/index.php\/2024\/01\/23\/embajadores-municipales-y-loma-negra-comenzaron-a-moverse\/","title":{"rendered":"Embajadores, Municipales y Loma Negra comenzaron a moverse"},"content":{"rendered":"<p>Los tres clubes iniciaron oficialmente la pretemporada de cara al arranque de la competencia oficial. En el CEO asumi\u00f3 Marcos Valderrey y dirigi\u00f3 su primera pr\u00e1ctica.<!--more--><\/p>\n<hr \/>\n<p>Los equipos de Olavarr\u00eda contin\u00faan la puesta a punto a pesar de las intensas temperaturas y en la tarde del \u00faltimo lunes, <strong>Municipales, Loma Negra y Embajadores<\/strong> se acoplaron a la par de los dem\u00e1s clubes y <strong>comenzaron oficialmente con los trabajos de pretemporada<\/strong>.<\/p>\n<p>&nbsp;<\/p>\n<p>Por un lado, <strong>Loma Negra<\/strong>, que<strong> confirm\u00f3 la continuidad de Pablo Burghini<\/strong> al mando de los planteles mayores, puso en marcha los trabajos en la Villa Alfredo Fortabat con el regreso de un jugador de la casa. Se trata del defensor <strong>Lautaro Diuono<\/strong>, quien qued\u00f3 libre en Sarmiento (Reserva) y aprovechar\u00e1 este a\u00f1o para sumar ritmo futbol\u00edstico en el \u201cCeleste\u201d.<\/p>\n<p>&nbsp;<\/p>\n<div class=\"tiled-gallery type-rectangular tiled-gallery-unresized\" data-original-width=\"800\" data-carousel-extra='null' itemscope itemtype=\"http:\/\/schema.org\/ImageGallery\" > <div class=\"gallery-row\" style=\"width: 800px; height: 447px;\" data-original-width=\"800\" data-original-height=\"447\" > <div class=\"gallery-group images-1\" style=\"width: 800px; height: 447px;\" data-original-width=\"800\" data-original-height=\"447\" > <div class=\"tiled-gallery-item tiled-gallery-item-large\" itemprop=\"associatedMedia\" itemscope itemtype=\"http:\/\/schema.org\/ImageObject\"> <a href=\"https:\/\/i0.wp.com\/cdnoticias.com\/wp-content\/uploads\/2022\/02\/peronismo-republicano-loma-negra-01.jpg?ssl=1\" border=\"0\" itemprop=\"url\"> <meta itemprop=\"width\" content=\"796\"> <meta itemprop=\"height\" content=\"443\"> <img decoding=\"async\" class=\"\" data-attachment-id=\"47139\" data-orig-file=\"https:\/\/cdnoticias.com\/wp-content\/uploads\/2022\/02\/peronismo-republicano-loma-negra-01.jpg\" data-orig-size=\"861,479\" data-comments-opened=\"\" data-image-meta=\"{&quot;aperture&quot;:&quot;0&quot;,&quot;credit&quot;:&quot;&quot;,&quot;camera&quot;:&quot;&quot;,&quot;caption&quot;:&quot;&quot;,&quot;created_timestamp&quot;:&quot;0&quot;,&quot;copyright&quot;:&quot;&quot;,&quot;focal_length&quot;:&quot;0&quot;,&quot;iso&quot;:&quot;0&quot;,&quot;shutter_speed&quot;:&quot;0&quot;,&quot;title&quot;:&quot;&quot;,&quot;orientation&quot;:&quot;1&quot;}\" data-image-title=\"peronismo republicano loma negra 01\" data-image-description=\"\" data-medium-file=\"https:\/\/i0.wp.com\/cdnoticias.com\/wp-content\/uploads\/2022\/02\/peronismo-republicano-loma-negra-01.jpg?fit=300%2C167&#038;ssl=1\" data-large-file=\"https:\/\/i0.wp.com\/cdnoticias.com\/wp-content\/uploads\/2022\/02\/peronismo-republicano-loma-negra-01.jpg?fit=800%2C445&#038;ssl=1\" src=\"https:\/\/i0.wp.com\/cdnoticias.com\/wp-content\/uploads\/2022\/02\/peronismo-republicano-loma-negra-01.jpg?w=796&#038;h=443&#038;ssl=1\" srcset=\"https:\/\/i0.wp.com\/cdnoticias.com\/wp-content\/uploads\/2022\/02\/peronismo-republicano-loma-negra-01.jpg?w=861&amp;ssl=1 861w, https:\/\/i0.wp.com\/cdnoticias.com\/wp-content\/uploads\/2022\/02\/peronismo-republicano-loma-negra-01.jpg?resize=300%2C167&amp;ssl=1 300w, https:\/\/i0.wp.com\/cdnoticias.com\/wp-content\/uploads\/2022\/02\/peronismo-republicano-loma-negra-01.jpg?resize=768%2C427&amp;ssl=1 768w, https:\/\/i0.wp.com\/cdnoticias.com\/wp-content\/uploads\/2022\/02\/peronismo-republicano-loma-negra-01.jpg?resize=800%2C445&amp;ssl=1 800w\" width=\"796\" height=\"443\" loading=\"lazy\" data-original-width=\"796\" data-original-height=\"443\" itemprop=\"http:\/\/schema.org\/image\" title=\"peronismo republicano loma negra 01\" alt=\"peronismo republicano loma negra 01\" style=\"width: 796px; height: 443px;\" \/> <\/a> <\/div> <\/div> <!-- close group --> <\/div> <!-- close row --> <\/div>\n<p>&nbsp;<\/p>\n<p>En <strong>Municipales<\/strong> tambi\u00e9n se terminaron las vacaciones. Los planteles de Primera y Reserva iniciaron con los primeros trabajos f\u00edsicos en la cancha del Predio Recreativo Sindical bajo la atenta mirada del t\u00e9cnico Gabriel Senzacqua.<\/p>\n<p>&nbsp;<\/p>\n<p>A la par, tras la salida de Luciano Bilbao, <strong>Embajadores arranc\u00f3 la pretemporada en las instalaciones del club y fue bajo las \u00f3rdenes del flamante DT, Marcos Valderrey<\/strong>. Lo acompa\u00f1ar\u00e1n en el cuerpo t\u00e9cnico <strong>Gualterio Mantovani y Gast\u00f3n Clemente<\/strong> como ayudantes de campo, mientras que <strong>Bruno Di Carlo y Rom\u00e1n Zanetti<\/strong> seguir\u00e1n siendo los preparadores f\u00edsicos.<\/p>\n<p>&nbsp;<\/p>\n<p><em><strong>Foto: Club Embajadores Oficial \/\/ Verito Fotograf\u00edas.<\/strong><\/em><\/p>\n","protected":false},"excerpt":{"rendered":"<p>Los tres clubes iniciaron oficialmente la pretemporada de cara al arranque de la competencia oficial. En el CEO asumi\u00f3 Marcos<\/p>\n","protected":false},"author":96739694,"featured_media":159464,"comment_status":"closed","ping_status":"closed","sticky":false,"template":"","format":"standard","meta":{"_jetpack_memberships_contains_paid_content":false,"footnotes":""},"categories":[35,1,41],"tags":[],"class_list":["post-135501","post","type-post","status-publish","format-standard","has-post-thumbnail","hentry","category-futbol","category-portada","category-primera-y-reserva"],"jetpack_featured_media_url":"https:\/\/i0.wp.com\/cdnoticias.com\/wp-content\/uploads\/2024\/01\/Pretemporada-CEO1-e1706054338893.jpg?fit=1000%2C610&ssl=1","jetpack_sharing_enabled":true,"_links":{"self":[{"href":"https:\/\/cdnoticias.com\/index.php\/wp-json\/wp\/v2\/posts\/135501","targetHints":{"allow":["GET"]}}],"collection":[{"href":"https:\/\/cdnoticias.com\/index.php\/wp-json\/wp\/v2\/posts"}],"about":[{"href":"https:\/\/cdnoticias.com\/index.php\/wp-json\/wp\/v2\/types\/post"}],"author":[{"embeddable":true,"href":"https:\/\/cdnoticias.com\/index.php\/wp-json\/wp\/v2\/users\/96739694"}],"replies":[{"embeddable":true,"href":"https:\/\/cdnoticias.com\/index.php\/wp-json\/wp\/v2\/comments?post=135501"}],"version-history":[{"count":0,"href":"https:\/\/cdnoticias.com\/index.php\/wp-json\/wp\/v2\/posts\/135501\/revisions"}],"wp:featuredmedia":[{"embeddable":true,"href":"https:\/\/cdnoticias.com\/index.php\/wp-json\/wp\/v2\/media\/159464"}],"wp:attachment":[{"href":"https:\/\/cdnoticias.com\/index.php\/wp-json\/wp\/v2\/media?parent=135501"}],"wp:term":[{"taxonomy":"category","embeddable":true,"href":"https:\/\/cdnoticias.com\/index.php\/wp-json\/wp\/v2\/categories?post=135501"},{"taxonomy":"post_tag","embeddable":true,"href":"https:\/\/cdnoticias.com\/index.php\/wp-json\/wp\/v2\/tags?post=135501"}],"curies":[{"name":"wp","href":"https:\/\/api.w.org\/{rel}","templated":true}]}}