{"id":135487,"date":"2024-01-20T12:42:17","date_gmt":"2024-01-20T15:42:17","guid":{"rendered":"https:\/\/centraldeportes.com.ar\/?p=47045"},"modified":"2025-02-12T23:29:51","modified_gmt":"2025-02-13T02:29:51","slug":"kevin-ceceri-ficho-para-el-steaua-bucarest-y-tuvo-su-primer-amistoso","status":"publish","type":"post","link":"https:\/\/cdnoticias.com\/index.php\/2024\/01\/20\/kevin-ceceri-ficho-para-el-steaua-bucarest-y-tuvo-su-primer-amistoso\/","title":{"rendered":"Kevin Ceceri fich\u00f3 para el Steaua Bucarest y tuvo su primer amistoso"},"content":{"rendered":"<p>El defensor olavarriense jugar\u00e1 en la segunda divisi\u00f3n de Rumania y afrontar\u00e1 su segunda experiencia en tierras europeas.<!--more--><\/p>\n<hr \/>\n<p>Tras su paso por el Club Atl\u00e9tico San Telmo en la Primera Nacional, <strong>Kevin Ceceri continuar\u00e1 su carrera en el f\u00fatbol de Rumani<\/strong>a.<\/p>\n<p>&nbsp;<\/p>\n<p>El olavarriense, que transitar\u00e1 su segunda experiencia en Europa,<strong> se convirti\u00f3 en nuevo jugador del Steaua Bucarest<\/strong>, hist\u00f3rico equipo del viejo continente que supo ser campe\u00f3n de la UEFA Champions League 1985-86 y que disput\u00f3 la final de la Copa Intercontinental con River Plate en 1986.<\/p>\n<p>&nbsp;<\/p>\n<p>En su llegada al equipo que milita en la segunda divisi\u00f3n del f\u00fatbol rumano, Ceceri dialog\u00f3 con Steaua TV y declar\u00f3 que \u201c<strong><em>es un club muy importante de Europa, el m\u00e1s grande de Rumania y eso es lo que me motiv\u00f3 al venir. Espero ayudar y tratar de dar lo mejor posible<\/em><\/strong>\u201d.<\/p>\n<p>&nbsp;<\/p>\n<p><img data-recalc-dims=\"1\" loading=\"lazy\" decoding=\"async\" class=\"aligncenter size-full wp-image-47046\" src=\"https:\/\/i0.wp.com\/cdnoticias.com\/wp-content\/uploads\/2024\/01\/Kevin-Ceceri-en-Steaua-Bucarest-e1705765273663.jpg?resize=800%2C469&#038;ssl=1\" alt=\"\" width=\"800\" height=\"469\" \/><\/p>\n<p>&nbsp;<\/p>\n<p>Asimismo, afrontando el fr\u00edo invernal, este s\u00e1bado <strong>el defensor<\/strong> <strong>form\u00f3 parte del primer amistoso del a\u00f1o para el equipo \u201cRojiazul\u201d y fue goleada 5 a 0 sobre Agricola Borcea<\/strong> (tercera divisi\u00f3n).<\/p>\n<p>&nbsp;<\/p>\n<p><em><strong>Fotos: Steaua Bucarest.<\/strong><\/em><\/p>\n","protected":false},"excerpt":{"rendered":"<p>El defensor olavarriense jugar\u00e1 en la segunda divisi\u00f3n de Rumania y afrontar\u00e1 su segunda experiencia en tierras europeas.<\/p>\n","protected":false},"author":96739694,"featured_media":159378,"comment_status":"closed","ping_status":"closed","sticky":false,"template":"","format":"standard","meta":{"_jetpack_memberships_contains_paid_content":false,"footnotes":""},"categories":[37,42,1],"tags":[],"class_list":["post-135487","post","type-post","status-publish","format-standard","has-post-thumbnail","hentry","category-futbol-profesional","category-olavarrienses-en-lugares","category-portada"],"jetpack_featured_media_url":"https:\/\/i0.wp.com\/cdnoticias.com\/wp-content\/uploads\/2024\/01\/Kevin-Ceceri-en-Steaua-Bucarest1.jpg?fit=1000%2C666&ssl=1","jetpack_sharing_enabled":true,"_links":{"self":[{"href":"https:\/\/cdnoticias.com\/index.php\/wp-json\/wp\/v2\/posts\/135487","targetHints":{"allow":["GET"]}}],"collection":[{"href":"https:\/\/cdnoticias.com\/index.php\/wp-json\/wp\/v2\/posts"}],"about":[{"href":"https:\/\/cdnoticias.com\/index.php\/wp-json\/wp\/v2\/types\/post"}],"author":[{"embeddable":true,"href":"https:\/\/cdnoticias.com\/index.php\/wp-json\/wp\/v2\/users\/96739694"}],"replies":[{"embeddable":true,"href":"https:\/\/cdnoticias.com\/index.php\/wp-json\/wp\/v2\/comments?post=135487"}],"version-history":[{"count":0,"href":"https:\/\/cdnoticias.com\/index.php\/wp-json\/wp\/v2\/posts\/135487\/revisions"}],"wp:featuredmedia":[{"embeddable":true,"href":"https:\/\/cdnoticias.com\/index.php\/wp-json\/wp\/v2\/media\/159378"}],"wp:attachment":[{"href":"https:\/\/cdnoticias.com\/index.php\/wp-json\/wp\/v2\/media?parent=135487"}],"wp:term":[{"taxonomy":"category","embeddable":true,"href":"https:\/\/cdnoticias.com\/index.php\/wp-json\/wp\/v2\/categories?post=135487"},{"taxonomy":"post_tag","embeddable":true,"href":"https:\/\/cdnoticias.com\/index.php\/wp-json\/wp\/v2\/tags?post=135487"}],"curies":[{"name":"wp","href":"https:\/\/api.w.org\/{rel}","templated":true}]}}