{"id":135484,"date":"2024-01-19T20:23:08","date_gmt":"2024-01-19T23:23:08","guid":{"rendered":"https:\/\/centraldeportes.com.ar\/?p=47035"},"modified":"2025-02-12T23:29:56","modified_gmt":"2025-02-13T02:29:56","slug":"finalmente-habra-torneo-de-verano-de-abo-jugaran-4-equipos","status":"publish","type":"post","link":"https:\/\/cdnoticias.com\/index.php\/2024\/01\/19\/finalmente-habra-torneo-de-verano-de-abo-jugaran-4-equipos\/","title":{"rendered":"Finalmente habr\u00e1 Torneo de Verano de ABO: jugar\u00e1n 4 equipos"},"content":{"rendered":"<p>El Torneo de Verano organizado por la Asociaci\u00f3n de B\u00e1squet de Olavarr\u00eda demor\u00f3 su inicio un par de semanas, pero dar\u00e1 comienzo el venidero domingo con tan solo cuatro equipos.<!--more--><\/p>\n<hr \/>\n<p>Luego de varios idas y vueltas se confirm\u00f3 la realizaci\u00f3n del Torneo de Verano con la participaci\u00f3n de Estudiantes, Loma Negra, Chacarita y Racing de La Madrid y la deserci\u00f3n de Racing, Pueblo Nuevo, El Fort\u00edn, San Mart\u00edn y Ferro.<\/p>\n<p>&nbsp;<\/p>\n<p>El certamen comenzar\u00e1 el venidero viernes 28 en el Club de Pesca de Villa Alfredo Fortabat con la disputa de los dos partidos inaugurales y luego habr\u00e1 actividad los viernes 2 y 9 de febrero.<\/p>\n<p>&nbsp;<\/p>\n<p>En lo que respecta a la competencia ser\u00e1 en la modalidad todos contra todos con dos partidos por fecha, dejando como finalistas a los dos primeros clasificados de la tabla de posiciones. A su vez, existir\u00e1 la posibilidad de contar con jugadores invitados en la lista de buena fe -incluidos jugadores que sean parte de clubes que decidieron no participar-.<\/p>\n<p>&nbsp;<\/p>\n<p>El fixture:<\/p>\n<p>1\u00b0 fecha:<br \/>\nEstudiantes vs Racing (L)<br \/>\nLoma Negra vs Chacarita<\/p>\n<p>2\u00b0 fecha:<br \/>\nLoma Negra vs Estudiantes<br \/>\nRacing (L) vs Chacarita<\/p>\n<p>3\u00b0 fecha:<br \/>\nChacarita vs Estudiantes<br \/>\nRacing (L) vs Loma Negra<\/p>\n","protected":false},"excerpt":{"rendered":"<p>El Torneo de Verano organizado por la Asociaci\u00f3n de B\u00e1squet de Olavarr\u00eda demor\u00f3 su inicio un par de semanas, pero<\/p>\n","protected":false},"author":96739694,"featured_media":159387,"comment_status":"closed","ping_status":"closed","sticky":false,"template":"","format":"standard","meta":{"_jetpack_memberships_contains_paid_content":false,"footnotes":""},"categories":[31,1,43],"tags":[],"class_list":["post-135484","post","type-post","status-publish","format-standard","has-post-thumbnail","hentry","category-basquet","category-portada","category-primera"],"jetpack_featured_media_url":"https:\/\/i0.wp.com\/cdnoticias.com\/wp-content\/uploads\/2021\/11\/caenegro-chacarita-primera-2.png?fit=1280%2C853&ssl=1","jetpack_sharing_enabled":true,"_links":{"self":[{"href":"https:\/\/cdnoticias.com\/index.php\/wp-json\/wp\/v2\/posts\/135484","targetHints":{"allow":["GET"]}}],"collection":[{"href":"https:\/\/cdnoticias.com\/index.php\/wp-json\/wp\/v2\/posts"}],"about":[{"href":"https:\/\/cdnoticias.com\/index.php\/wp-json\/wp\/v2\/types\/post"}],"author":[{"embeddable":true,"href":"https:\/\/cdnoticias.com\/index.php\/wp-json\/wp\/v2\/users\/96739694"}],"replies":[{"embeddable":true,"href":"https:\/\/cdnoticias.com\/index.php\/wp-json\/wp\/v2\/comments?post=135484"}],"version-history":[{"count":0,"href":"https:\/\/cdnoticias.com\/index.php\/wp-json\/wp\/v2\/posts\/135484\/revisions"}],"wp:featuredmedia":[{"embeddable":true,"href":"https:\/\/cdnoticias.com\/index.php\/wp-json\/wp\/v2\/media\/159387"}],"wp:attachment":[{"href":"https:\/\/cdnoticias.com\/index.php\/wp-json\/wp\/v2\/media?parent=135484"}],"wp:term":[{"taxonomy":"category","embeddable":true,"href":"https:\/\/cdnoticias.com\/index.php\/wp-json\/wp\/v2\/categories?post=135484"},{"taxonomy":"post_tag","embeddable":true,"href":"https:\/\/cdnoticias.com\/index.php\/wp-json\/wp\/v2\/tags?post=135484"}],"curies":[{"name":"wp","href":"https:\/\/api.w.org\/{rel}","templated":true}]}}