{"id":13547,"date":"2021-02-11T19:23:58","date_gmt":"2021-02-11T22:23:58","guid":{"rendered":"http:\/\/www.centraldenoticias.com.ar\/?p=13547"},"modified":"2021-02-11T20:39:53","modified_gmt":"2021-02-11T23:39:53","slug":"mte-rural-es-necesario-discutir-el-precio-de-los-alimentos","status":"publish","type":"post","link":"https:\/\/cdnoticias.com\/index.php\/2021\/02\/11\/mte-rural-es-necesario-discutir-el-precio-de-los-alimentos\/","title":{"rendered":"MTE Rural: \u201cEs necesario discutir el precio de los alimentos\u201d"},"content":{"rendered":"<p>Desde la rama rural del Movimiento de Trabajadores Excluidos se emiti\u00f3 un comunicado en el que explican por qu\u00e9 decidieron llevar adelante las ferias de verduras, que este fin de semana recorrer\u00e1n dos sociedades de fomento locales.<!--more--><\/p>\n<hr \/>\n<p><strong>\u201cEl \u00bfPor qu\u00e9? de las Feria de Verduras\u201d<\/strong>. As\u00ed se titula un documento que en el inicio de la tarde de este jueves fue enviado desde la \u201crama rural\u201d del Movimiento de Trabajadores Excluidos (MTE), la cual \u201cnuclea peque\u00f1os productores de alimentos y familias agricultoras\u201d.<\/p>\n<p>&nbsp;<\/p>\n<p>\u201cProducimos verduras frescas y de estaci\u00f3n, huevos, semillas, alimentos elaborados. Parte de esta producci\u00f3n la comercializamos de forma directa a trav\u00e9s de \u2018Pueblo a Pueblo\u2019 y en Ferias de Verdura en los distintos barrios de la ciudad\u201d, contin\u00faa en el comunicado en el que se recuerda que <strong>este s\u00e1bado desde las 9.30 estar\u00e1n en la Sociedad de Fomento Independencia, en Tacuar\u00ed 2150, mientras que el domingo desde el mismo horario lo har\u00e1n en la Sociedad de Fomento Villa Mail\u00edn, en Pellegrini y Corrientes. Se aclar\u00f3 que se suspende por lluvia.<\/strong><\/p>\n<p>&nbsp;<\/p>\n<p><img data-recalc-dims=\"1\" loading=\"lazy\" decoding=\"async\" class=\"alignnone size-large wp-image-13549\" src=\"https:\/\/i0.wp.com\/cdnoticias.com\/wp-content\/uploads\/2021\/02\/feria.jpg?resize=800%2C410&#038;ssl=1\" alt=\"\" width=\"800\" height=\"410\" srcset=\"https:\/\/i0.wp.com\/cdnoticias.com\/wp-content\/uploads\/2021\/02\/feria.jpg?resize=1024%2C525&amp;ssl=1 1024w, https:\/\/i0.wp.com\/cdnoticias.com\/wp-content\/uploads\/2021\/02\/feria.jpg?resize=300%2C154&amp;ssl=1 300w, https:\/\/i0.wp.com\/cdnoticias.com\/wp-content\/uploads\/2021\/02\/feria.jpg?resize=768%2C394&amp;ssl=1 768w, https:\/\/i0.wp.com\/cdnoticias.com\/wp-content\/uploads\/2021\/02\/feria.jpg?w=1252&amp;ssl=1 1252w\" sizes=\"auto, (max-width: 800px) 100vw, 800px\" \/><\/p>\n<p>&nbsp;<\/p>\n<p>Sobre esto \u00faltimo se enfatiz\u00f3 que <strong>\u201cesto es posible gracias a la articulaci\u00f3n entre organizaciones sociales, poniendo a disposici\u00f3n los espacios, comunicando y difundiendo la actividad en el barrio y entre los grupos de vecinos organizados\u201d<\/strong>. \u201cLas ferias las hacemos porque: la agricultura familiar y campesina produce gran cantidad de los alimentos que consumimos a diario, es una actividad fundamental para el desarrollo de cualquier comunidad y e<strong>st\u00e1 siendo invisibilizada por el Estado y la Pol\u00edtica<\/strong>\u201d, se reproch\u00f3.<\/p>\n<p>&nbsp;<\/p>\n<p>\u201cSumado a la crisis econ\u00f3mica, la ca\u00edda del consumo, el aumento de alquileres de la tierra, el aumento de tarifas y de los insumos, <strong>genera que las familias agricultoras, no puedan afrontar los gastos, produzcan menos, no se puedan vender producciones<\/strong>, se endeuden y por otro lado aumentan los precios de los alimentos debido al aumento en combustibles y tarifas, a la especulaci\u00f3n de las corporaciones alimenticias y de los intermediarios\u201d, a\u00f1adieron.<\/p>\n<p>&nbsp;<\/p>\n<blockquote><p>Invitamos a los vecinos a acercarse a la Feria a conocer la calidad y frescura de la verdura de producci\u00f3n local y a los productorxs, que con mucho esfuerzo, d\u00eda a d\u00eda trabajan la tierra para cosechar alimentos para la mesa Olavarriense.<\/p><\/blockquote>\n<p>&nbsp;<\/p>\n<p>\u201c<strong>Hacemos las ferias porque queremos que el olavarriense pueda acceder a alimentos sanos, de producci\u00f3n local, frescos y variados a un precio justo, justo para los consumidores y para los productores<\/strong>, sin intermediarios, fortaleciendo as\u00ed la agricultura familiar que atraviesa una crisis econ\u00f3mica y una pandemia al igual que toda la sociedad, y que no paramos nunca de producir alimentos para el pueblo\u201d, continuaron<\/p>\n<p>&nbsp;<\/p>\n<p>Por \u00faltimo enfatizo que \u201c<strong>es necesario discutir el precio de los alimentos, el modo de producci\u00f3n de \u00e9stos, la cadena de comercializaci\u00f3n y deber\u00eda estar el Estado a la altura de esta discusi\u00f3n<\/strong>, impuls\u00e1ndola, generando pol\u00edticas p\u00fablicas que mejoren la relaci\u00f3n entre los Precios de la canasta b\u00e1sica de alimentos y los ingresos promedio de las familias\u201d.<\/p>\n","protected":false},"excerpt":{"rendered":"<p>Desde la rama rural del Movimiento de Trabajadores Excluidos se emiti\u00f3 un comunicado en el que explican por qu\u00e9 decidieron<\/p>\n","protected":false},"author":3,"featured_media":12434,"comment_status":"closed","ping_status":"closed","sticky":false,"template":"","format":"standard","meta":{"_jetpack_memberships_contains_paid_content":false,"footnotes":""},"categories":[5,1],"tags":[],"class_list":["post-13547","post","type-post","status-publish","format-standard","has-post-thumbnail","hentry","category-informacion-general","category-portada"],"jetpack_featured_media_url":"https:\/\/i0.wp.com\/cdnoticias.com\/wp-content\/uploads\/2021\/01\/IMG_20210123_110523_586.jpg?fit=4160%2C3120&ssl=1","jetpack_sharing_enabled":true,"_links":{"self":[{"href":"https:\/\/cdnoticias.com\/index.php\/wp-json\/wp\/v2\/posts\/13547","targetHints":{"allow":["GET"]}}],"collection":[{"href":"https:\/\/cdnoticias.com\/index.php\/wp-json\/wp\/v2\/posts"}],"about":[{"href":"https:\/\/cdnoticias.com\/index.php\/wp-json\/wp\/v2\/types\/post"}],"author":[{"embeddable":true,"href":"https:\/\/cdnoticias.com\/index.php\/wp-json\/wp\/v2\/users\/3"}],"replies":[{"embeddable":true,"href":"https:\/\/cdnoticias.com\/index.php\/wp-json\/wp\/v2\/comments?post=13547"}],"version-history":[{"count":0,"href":"https:\/\/cdnoticias.com\/index.php\/wp-json\/wp\/v2\/posts\/13547\/revisions"}],"wp:featuredmedia":[{"embeddable":true,"href":"https:\/\/cdnoticias.com\/index.php\/wp-json\/wp\/v2\/media\/12434"}],"wp:attachment":[{"href":"https:\/\/cdnoticias.com\/index.php\/wp-json\/wp\/v2\/media?parent=13547"}],"wp:term":[{"taxonomy":"category","embeddable":true,"href":"https:\/\/cdnoticias.com\/index.php\/wp-json\/wp\/v2\/categories?post=13547"},{"taxonomy":"post_tag","embeddable":true,"href":"https:\/\/cdnoticias.com\/index.php\/wp-json\/wp\/v2\/tags?post=13547"}],"curies":[{"name":"wp","href":"https:\/\/api.w.org\/{rel}","templated":true}]}}