{"id":135446,"date":"2024-01-08T22:33:17","date_gmt":"2024-01-09T01:33:17","guid":{"rendered":"https:\/\/centraldeportes.com.ar\/?p=46805"},"modified":"2025-02-12T23:29:22","modified_gmt":"2025-02-13T02:29:22","slug":"luciano-bilbao-dejo-de-ser-el-entrenador-de-embajadores","status":"publish","type":"post","link":"https:\/\/cdnoticias.com\/index.php\/2024\/01\/08\/luciano-bilbao-dejo-de-ser-el-entrenador-de-embajadores\/","title":{"rendered":"Luciano Bilbao dej\u00f3 de ser el entrenador de Embajadores"},"content":{"rendered":"\n<div class=\"wp-block-group is-layout-constrained wp-block-group-is-layout-constrained\">\n<p>Se desvincul\u00f3 del CEO tras un a\u00f1o a cargo del plantel mayor y con dos t\u00edtulos obtenidos.<!--more--><\/p>\n<hr \/>\n<p>El Club <strong>Embajadores<\/strong> inici\u00f3 los primeros d\u00edas del a\u00f1o sin DT al mando, ya que este \u00faltimo domingo,<strong> Luciano Bilbao dej\u00f3 de ser el entrenador tras un a\u00f1o al cargo del plantel mayor<\/strong>.<\/p>\n<p>\u00a0<\/p>\n<p>La novedad la confirm\u00f3 el propio t\u00e9cnico en sus redes sociales donde agradeci\u00f3 a la instituci\u00f3n, cuerpo t\u00e9cnico y jugadores. \u201c<strong><em>Etapa que se termina en un club joven y con mucho crecimiento. Un ciclo de mucho aprendizaje y v\u00ednculos generados con los que se lograron objetivos<\/em><\/strong>\u201d, comenz\u00f3 el comunicado de despedida.<\/p>\n<p>\u00a0<\/p>\n<p>El a\u00f1o recorrido para Bilbao en el CEO fue fruct\u00edfero con la obtenci\u00f3n de dos t\u00edtulos: el <strong>Torneo de Uni\u00f3n Deportiva Regional y el Torneo Anual \u201cTony Pelliccioni\u201d<\/strong>.<\/p>\n<p>\u00a0<\/p>\n<p>Por \u00faltimo, \u201cLucho\u201d hizo hincapi\u00e9 en \u201c<em><strong>quienes transpiran la camiseta, quienes le ponen el cuerpo, la actitud y aptitud en cada partido los m\u00e1s importantes de esta historia: a los jugadores de CEO<\/strong>. Muchas gracias por el respeto constante, la predisposici\u00f3n y el compromiso diario<\/em>\u201d, recalc\u00f3.<\/p>\n<\/div>\n","protected":false},"excerpt":{"rendered":"<p>Se desvincul\u00f3 del CEO tras un a\u00f1o a cargo del plantel mayor y con dos t\u00edtulos obtenidos. Se desvincul\u00f3 del<\/p>\n","protected":false},"author":96739694,"featured_media":159361,"comment_status":"closed","ping_status":"closed","sticky":false,"template":"","format":"standard","meta":{"_jetpack_memberships_contains_paid_content":false,"footnotes":""},"categories":[35,1,41],"tags":[],"class_list":["post-135446","post","type-post","status-publish","format-standard","has-post-thumbnail","hentry","category-futbol","category-portada","category-primera-y-reserva"],"jetpack_featured_media_url":"https:\/\/i0.wp.com\/cdnoticias.com\/wp-content\/uploads\/2023\/03\/lujan-ceo-4.jpeg?fit=1280%2C853&ssl=1","jetpack_sharing_enabled":true,"_links":{"self":[{"href":"https:\/\/cdnoticias.com\/index.php\/wp-json\/wp\/v2\/posts\/135446","targetHints":{"allow":["GET"]}}],"collection":[{"href":"https:\/\/cdnoticias.com\/index.php\/wp-json\/wp\/v2\/posts"}],"about":[{"href":"https:\/\/cdnoticias.com\/index.php\/wp-json\/wp\/v2\/types\/post"}],"author":[{"embeddable":true,"href":"https:\/\/cdnoticias.com\/index.php\/wp-json\/wp\/v2\/users\/96739694"}],"replies":[{"embeddable":true,"href":"https:\/\/cdnoticias.com\/index.php\/wp-json\/wp\/v2\/comments?post=135446"}],"version-history":[{"count":0,"href":"https:\/\/cdnoticias.com\/index.php\/wp-json\/wp\/v2\/posts\/135446\/revisions"}],"wp:featuredmedia":[{"embeddable":true,"href":"https:\/\/cdnoticias.com\/index.php\/wp-json\/wp\/v2\/media\/159361"}],"wp:attachment":[{"href":"https:\/\/cdnoticias.com\/index.php\/wp-json\/wp\/v2\/media?parent=135446"}],"wp:term":[{"taxonomy":"category","embeddable":true,"href":"https:\/\/cdnoticias.com\/index.php\/wp-json\/wp\/v2\/categories?post=135446"},{"taxonomy":"post_tag","embeddable":true,"href":"https:\/\/cdnoticias.com\/index.php\/wp-json\/wp\/v2\/tags?post=135446"}],"curies":[{"name":"wp","href":"https:\/\/api.w.org\/{rel}","templated":true}]}}