{"id":135439,"date":"2024-01-06T19:58:14","date_gmt":"2024-01-06T22:58:14","guid":{"rendered":"https:\/\/centraldeportes.com.ar\/?p=46753"},"modified":"2025-02-12T23:27:58","modified_gmt":"2025-02-13T02:27:58","slug":"racing-se-corono-campeon-anual-en-sub-16","status":"publish","type":"post","link":"https:\/\/cdnoticias.com\/index.php\/2024\/01\/06\/racing-se-corono-campeon-anual-en-sub-16\/","title":{"rendered":"Racing se coron\u00f3 campe\u00f3n anual en Sub 16"},"content":{"rendered":"\n<div class=\"wp-block-group is-layout-constrained wp-block-group-is-layout-constrained\">\n<p>El conjunto \u201cChaira\u201d derrot\u00f3 en la definici\u00f3n a Estudiantes y se qued\u00f3 con el t\u00edtulo del a\u00f1o en la mayor de las categor\u00edas del formativo femenino.<!--more--><\/p>\n<hr \/>\n<p>Este \u00faltimo viernes por la tarde, en el Parque Carlos Guerrero, se jug\u00f3 la final pendiente del f\u00fatbol formativo femenino y fue festejo para Racing.<\/p>\n<p>\u00a0<\/p>\n<p>Con tinte de cl\u00e1sico,<strong> las chicas del \u201cChaira\u201d vencieron 3 a 1 a las \u201cAlbinegras\u201d<\/strong> y se quedaron con el t\u00edtulo anual 2023 en Sub 16.<\/p>\n<p>\u00a0<\/p>\n<p>[soliloquy id=&#8221;46737&#8243;]<\/p>\n<p>\u00a0<\/p>\n<p><strong>Jazm\u00edn Vailati<\/strong>, <strong>Priscila Salle<\/strong> de penal y <strong>Valentina Arristegui<\/strong> convirtieron los tantos en \u201cLa Estrellita\u201d, mientras que<strong> Liz Schneider<\/strong> marc\u00f3 el descuento para el \u201cBataraz\u201d.<\/p>\n<p>\u00a0<\/p>\n<p>De esta forma y con el campeonato obtenido, Racing se sum\u00f3 a la n\u00f3mina de campeones 2023 y se acopl\u00f3 a Municipales, que ya se hab\u00eda consagrado campe\u00f3n del a\u00f1o en Sub 14.<\/p>\n<\/div>\n","protected":false},"excerpt":{"rendered":"<p>El conjunto \u201cChaira\u201d derrot\u00f3 en la definici\u00f3n a Estudiantes y se qued\u00f3 con el t\u00edtulo del a\u00f1o en la mayor<\/p>\n","protected":false},"author":96739694,"featured_media":159275,"comment_status":"closed","ping_status":"closed","sticky":false,"template":"","format":"standard","meta":{"_jetpack_memberships_contains_paid_content":false,"footnotes":""},"categories":[47,35,1],"tags":[],"class_list":["post-135439","post","type-post","status-publish","format-standard","has-post-thumbnail","hentry","category-femenino","category-futbol","category-portada"],"jetpack_featured_media_url":"https:\/\/i0.wp.com\/cdnoticias.com\/wp-content\/uploads\/2024\/01\/cae-rac-fem-5.jpg?fit=1280%2C853&ssl=1","jetpack_sharing_enabled":true,"_links":{"self":[{"href":"https:\/\/cdnoticias.com\/index.php\/wp-json\/wp\/v2\/posts\/135439","targetHints":{"allow":["GET"]}}],"collection":[{"href":"https:\/\/cdnoticias.com\/index.php\/wp-json\/wp\/v2\/posts"}],"about":[{"href":"https:\/\/cdnoticias.com\/index.php\/wp-json\/wp\/v2\/types\/post"}],"author":[{"embeddable":true,"href":"https:\/\/cdnoticias.com\/index.php\/wp-json\/wp\/v2\/users\/96739694"}],"replies":[{"embeddable":true,"href":"https:\/\/cdnoticias.com\/index.php\/wp-json\/wp\/v2\/comments?post=135439"}],"version-history":[{"count":0,"href":"https:\/\/cdnoticias.com\/index.php\/wp-json\/wp\/v2\/posts\/135439\/revisions"}],"wp:featuredmedia":[{"embeddable":true,"href":"https:\/\/cdnoticias.com\/index.php\/wp-json\/wp\/v2\/media\/159275"}],"wp:attachment":[{"href":"https:\/\/cdnoticias.com\/index.php\/wp-json\/wp\/v2\/media?parent=135439"}],"wp:term":[{"taxonomy":"category","embeddable":true,"href":"https:\/\/cdnoticias.com\/index.php\/wp-json\/wp\/v2\/categories?post=135439"},{"taxonomy":"post_tag","embeddable":true,"href":"https:\/\/cdnoticias.com\/index.php\/wp-json\/wp\/v2\/tags?post=135439"}],"curies":[{"name":"wp","href":"https:\/\/api.w.org\/{rel}","templated":true}]}}