{"id":135438,"date":"2024-01-06T19:02:49","date_gmt":"2024-01-06T22:02:49","guid":{"rendered":"https:\/\/centraldeportes.com.ar\/?p=46751"},"modified":"2025-02-12T23:28:00","modified_gmt":"2025-02-13T02:28:00","slug":"vuelven-las-correcaminatas-nocturnas-por-el-parque-mitre","status":"publish","type":"post","link":"https:\/\/cdnoticias.com\/index.php\/2024\/01\/06\/vuelven-las-correcaminatas-nocturnas-por-el-parque-mitre\/","title":{"rendered":"Vuelven las Correcaminatas Nocturnas por el Parque Mitre"},"content":{"rendered":"<p>El Centro Cultural Municipal San Jos\u00e9 y el parque Mitre volver\u00e1n a ser sede de la Correcaminata Nocturna, la prueba pedestre que se lleva a cabo cada verano y es organizada por la Subsecretar\u00eda de Deportes del Municipio de Olavarr\u00eda, con la colaboraci\u00f3n del C\u00edrculo de Atletas Veteranos de Olavarr\u00eda.<!--more--><\/p>\n<hr \/>\n<p>La primera competencia sobra 3 kil\u00f3metros que es tradicional de cada verano ser\u00e1 el pr\u00f3ximo mi\u00e9rcoles 24 de enero desde las 21:00.<\/p>\n<p>&nbsp;<\/p>\n<p>Las personas interesadas en ser parte de la prueba deber\u00e1n acercarse esa misma jornada al Centro Cultural Municipal \u201cSan Jos\u00e9\u201d en el horario de 18 a 20 horas. All\u00ed, de manera gratuita, se realizar\u00e1 tanto la inscripci\u00f3n como la entrega de n\u00fameros.<\/p>\n<p>&nbsp;<\/p>\n<p>De manera paralela, se detall\u00f3 que se ofrecer\u00e1n distintas actividades para que p\u00fablico de todas las edades sea parte de esta fiesta del deporte. Tal es as\u00ed que a partir de las 19 horas profesoras del staff de la Direcci\u00f3n de Deporte Social ofrecer\u00e1n una clase abierta de gimnasia, mientras que a las 20 se realizar\u00e1 la prueba para los m\u00e1s chicos.<\/p>\n<p>&nbsp;<\/p>\n<p>Por \u00faltimo, se detall\u00f3 que durante el 21 de febrero se llevar\u00e1 a cabo la segunda edici\u00f3n del corriente a\u00f1o.<\/p>\n","protected":false},"excerpt":{"rendered":"<p>El Centro Cultural Municipal San Jos\u00e9 y el parque Mitre volver\u00e1n a ser sede de la Correcaminata Nocturna, la prueba<\/p>\n","protected":false},"author":96739694,"featured_media":152445,"comment_status":"closed","ping_status":"closed","sticky":false,"template":"","format":"standard","meta":{"_jetpack_memberships_contains_paid_content":false,"footnotes":""},"categories":[38,1],"tags":[],"class_list":["post-135438","post","type-post","status-publish","format-standard","has-post-thumbnail","hentry","category-pedestrismo","category-portada"],"jetpack_featured_media_url":"https:\/\/i0.wp.com\/cdnoticias.com\/wp-content\/uploads\/2023\/01\/correcaminata-nocturna-5.jpeg?fit=1280%2C853&ssl=1","jetpack_sharing_enabled":true,"_links":{"self":[{"href":"https:\/\/cdnoticias.com\/index.php\/wp-json\/wp\/v2\/posts\/135438","targetHints":{"allow":["GET"]}}],"collection":[{"href":"https:\/\/cdnoticias.com\/index.php\/wp-json\/wp\/v2\/posts"}],"about":[{"href":"https:\/\/cdnoticias.com\/index.php\/wp-json\/wp\/v2\/types\/post"}],"author":[{"embeddable":true,"href":"https:\/\/cdnoticias.com\/index.php\/wp-json\/wp\/v2\/users\/96739694"}],"replies":[{"embeddable":true,"href":"https:\/\/cdnoticias.com\/index.php\/wp-json\/wp\/v2\/comments?post=135438"}],"version-history":[{"count":0,"href":"https:\/\/cdnoticias.com\/index.php\/wp-json\/wp\/v2\/posts\/135438\/revisions"}],"wp:featuredmedia":[{"embeddable":true,"href":"https:\/\/cdnoticias.com\/index.php\/wp-json\/wp\/v2\/media\/152445"}],"wp:attachment":[{"href":"https:\/\/cdnoticias.com\/index.php\/wp-json\/wp\/v2\/media?parent=135438"}],"wp:term":[{"taxonomy":"category","embeddable":true,"href":"https:\/\/cdnoticias.com\/index.php\/wp-json\/wp\/v2\/categories?post=135438"},{"taxonomy":"post_tag","embeddable":true,"href":"https:\/\/cdnoticias.com\/index.php\/wp-json\/wp\/v2\/tags?post=135438"}],"curies":[{"name":"wp","href":"https:\/\/api.w.org\/{rel}","templated":true}]}}