{"id":135436,"date":"2024-01-06T12:16:10","date_gmt":"2024-01-06T15:16:10","guid":{"rendered":"https:\/\/centraldeportes.com.ar\/?p=46747"},"modified":"2025-02-12T23:28:02","modified_gmt":"2025-02-13T02:28:02","slug":"san-martin-tiene-nuevo-dt-para-los-planteles-mayores","status":"publish","type":"post","link":"https:\/\/cdnoticias.com\/index.php\/2024\/01\/06\/san-martin-tiene-nuevo-dt-para-los-planteles-mayores\/","title":{"rendered":"San Mart\u00edn tiene nuevo DT para los planteles mayores"},"content":{"rendered":"<p>Miguel Aranz\u00e1bal se har\u00e1 cargo de la conducci\u00f3n t\u00e9cnica del \u201cLe\u00f3n\u201d y reemplazar\u00e1 a Carlos Cirioli.<!--more--><\/p>\n<hr \/>\n<p><strong>San Mart\u00edn<\/strong> <strong>de Sierras Bayas<\/strong>, de gran campa\u00f1a en el \u00faltimo Torneo Oficial siendo uno de los semifinalistas de los playoffs, <strong>comenz\u00f3 el a\u00f1o con nuevo entrenador<\/strong>.<\/p>\n<p>&nbsp;<\/p>\n<p>Tras la salida de Carlos \u201cNino\u201d Cirioli en noviembre pasado (su \u00faltimo partido fue en la revancha contra Embajadores), <strong>el \u201cLe\u00f3n\u201d Sierrabayense inform\u00f3 la llegada de Miguel Aranz\u00e1bal<\/strong>, quien se har\u00e1 cargo de los planteles mayores de la instituci\u00f3n.<\/p>\n<p>&nbsp;<\/p>\n<p>El \u201cVasco\u201d, de \u00faltimo paso por el Club Atl\u00e9tico Hinojo, tendr\u00e1 como <strong>ayudante de campo a Jorge Iba\u00f1ez<\/strong> y espera por las confirmaciones de <strong>Braian Vales<\/strong> (preparador f\u00edsico) y <strong>\u201cBab\u00edn\u201d V\u00e1zquez<\/strong> (entrenador de arqueros).<\/p>\n<p>&nbsp;<\/p>\n<p>Con el inicio de pretemporada posiblemente a mediados del mes vigente, el primer desaf\u00edo para Aranz\u00e1bal ser\u00e1 el <a href=\"https:\/\/cdnoticias.com\/union-deportiva-regional-hubo-reunion-y-se-definieron-detalles-del-proximo-torneo\/\">Torneo de la Uni\u00f3n Deportiva Regional<\/a>, que ya se supo que comenzar\u00e1 con una primera etapa local.<\/p>\n","protected":false},"excerpt":{"rendered":"<p>Miguel Aranz\u00e1bal se har\u00e1 cargo de la conducci\u00f3n t\u00e9cnica del \u201cLe\u00f3n\u201d y reemplazar\u00e1 a Carlos Cirioli.<\/p>\n","protected":false},"author":96739694,"featured_media":157134,"comment_status":"closed","ping_status":"closed","sticky":false,"template":"","format":"standard","meta":{"_jetpack_memberships_contains_paid_content":false,"footnotes":""},"categories":[35,1,41],"tags":[],"class_list":["post-135436","post","type-post","status-publish","format-standard","has-post-thumbnail","hentry","category-futbol","category-portada","category-primera-y-reserva"],"jetpack_featured_media_url":"https:\/\/i0.wp.com\/cdnoticias.com\/wp-content\/uploads\/2023\/08\/Miguel-Aranz%C3%A1bal.jpg?fit=1100%2C728&ssl=1","jetpack_sharing_enabled":true,"_links":{"self":[{"href":"https:\/\/cdnoticias.com\/index.php\/wp-json\/wp\/v2\/posts\/135436","targetHints":{"allow":["GET"]}}],"collection":[{"href":"https:\/\/cdnoticias.com\/index.php\/wp-json\/wp\/v2\/posts"}],"about":[{"href":"https:\/\/cdnoticias.com\/index.php\/wp-json\/wp\/v2\/types\/post"}],"author":[{"embeddable":true,"href":"https:\/\/cdnoticias.com\/index.php\/wp-json\/wp\/v2\/users\/96739694"}],"replies":[{"embeddable":true,"href":"https:\/\/cdnoticias.com\/index.php\/wp-json\/wp\/v2\/comments?post=135436"}],"version-history":[{"count":0,"href":"https:\/\/cdnoticias.com\/index.php\/wp-json\/wp\/v2\/posts\/135436\/revisions"}],"wp:featuredmedia":[{"embeddable":true,"href":"https:\/\/cdnoticias.com\/index.php\/wp-json\/wp\/v2\/media\/157134"}],"wp:attachment":[{"href":"https:\/\/cdnoticias.com\/index.php\/wp-json\/wp\/v2\/media?parent=135436"}],"wp:term":[{"taxonomy":"category","embeddable":true,"href":"https:\/\/cdnoticias.com\/index.php\/wp-json\/wp\/v2\/categories?post=135436"},{"taxonomy":"post_tag","embeddable":true,"href":"https:\/\/cdnoticias.com\/index.php\/wp-json\/wp\/v2\/tags?post=135436"}],"curies":[{"name":"wp","href":"https:\/\/api.w.org\/{rel}","templated":true}]}}