{"id":135433,"date":"2024-01-05T17:38:10","date_gmt":"2024-01-05T20:38:10","guid":{"rendered":"https:\/\/centraldeportes.com.ar\/?p=46726"},"modified":"2025-02-12T23:28:07","modified_gmt":"2025-02-13T02:28:07","slug":"ferro-vs-racing-detalles-del-operativo-policial","status":"publish","type":"post","link":"https:\/\/cdnoticias.com\/index.php\/2024\/01\/05\/ferro-vs-racing-detalles-del-operativo-policial\/","title":{"rendered":"Ferro vs Racing: detalles del operativo policial"},"content":{"rendered":"<p>El venidero domingo Olavarr\u00eda vivir\u00e1 una nueva fiesta del f\u00fatbol con el \u201ccl\u00e1sico moderno\u201d entre Ferro y Racing por el Torneo Regional Amateur para iniciar con la segunda llave de Playoff y en la previa se dieron detalles del operativo policial. Habr\u00e1 alrededor de 40 efectivos entre efectivos policiales, Infanter\u00eda y GAD.<!--more--><\/p>\n<hr \/>\n<p>En di\u00e1logo con Central de Noticias, desde la Jefatura Departamental dieron detalles de c\u00f3mo ser\u00e1 el operativo: habr\u00e1 40 efectivos entre Polic\u00eda Bonaerense y Descentralizado, es decir, efectivos de Infanter\u00eda y el Grupo GAD.<br \/>\nTambi\u00e9n habr\u00e1 una participaci\u00f3n activa de m\u00f3viles del Comando de Patrulla en los ingresos y egresos para los respectivos cortes de calle en toda la zona alrededor del estadio de Ferro.<\/p>\n<p>&nbsp;<\/p>\n<p>Los detalles del operativo para que Olavarr\u00eda viva una verdadera fiesta del f\u00fatbol los encontr\u00e1s en <a href=\"https:\/\/cdnoticias.com\/index.php\/2024\/01\/05\/como-sera-el-operativo-de-seguridad-para-ferro-racing\/\">www.cdnoticias.com<\/a><\/p>\n","protected":false},"excerpt":{"rendered":"<p>El venidero domingo Olavarr\u00eda vivir\u00e1 una nueva fiesta del f\u00fatbol con el \u201ccl\u00e1sico moderno\u201d entre Ferro y Racing por el<\/p>\n","protected":false},"author":96739694,"featured_media":157431,"comment_status":"closed","ping_status":"closed","sticky":false,"template":"","format":"standard","meta":{"_jetpack_memberships_contains_paid_content":false,"footnotes":""},"categories":[35,1,54],"tags":[],"class_list":["post-135433","post","type-post","status-publish","format-standard","has-post-thumbnail","hentry","category-futbol","category-portada","category-torneo-regional-amateur"],"jetpack_featured_media_url":"https:\/\/i0.wp.com\/cdnoticias.com\/wp-content\/uploads\/2023\/09\/rac-ferro-5.jpg?fit=1280%2C853&ssl=1","jetpack_sharing_enabled":true,"_links":{"self":[{"href":"https:\/\/cdnoticias.com\/index.php\/wp-json\/wp\/v2\/posts\/135433","targetHints":{"allow":["GET"]}}],"collection":[{"href":"https:\/\/cdnoticias.com\/index.php\/wp-json\/wp\/v2\/posts"}],"about":[{"href":"https:\/\/cdnoticias.com\/index.php\/wp-json\/wp\/v2\/types\/post"}],"author":[{"embeddable":true,"href":"https:\/\/cdnoticias.com\/index.php\/wp-json\/wp\/v2\/users\/96739694"}],"replies":[{"embeddable":true,"href":"https:\/\/cdnoticias.com\/index.php\/wp-json\/wp\/v2\/comments?post=135433"}],"version-history":[{"count":0,"href":"https:\/\/cdnoticias.com\/index.php\/wp-json\/wp\/v2\/posts\/135433\/revisions"}],"wp:featuredmedia":[{"embeddable":true,"href":"https:\/\/cdnoticias.com\/index.php\/wp-json\/wp\/v2\/media\/157431"}],"wp:attachment":[{"href":"https:\/\/cdnoticias.com\/index.php\/wp-json\/wp\/v2\/media?parent=135433"}],"wp:term":[{"taxonomy":"category","embeddable":true,"href":"https:\/\/cdnoticias.com\/index.php\/wp-json\/wp\/v2\/categories?post=135433"},{"taxonomy":"post_tag","embeddable":true,"href":"https:\/\/cdnoticias.com\/index.php\/wp-json\/wp\/v2\/tags?post=135433"}],"curies":[{"name":"wp","href":"https:\/\/api.w.org\/{rel}","templated":true}]}}