{"id":135432,"date":"2024-01-04T21:11:25","date_gmt":"2024-01-05T00:11:25","guid":{"rendered":"https:\/\/centraldeportes.com.ar\/?p=46723"},"modified":"2025-02-12T23:28:09","modified_gmt":"2025-02-13T02:28:09","slug":"grupos-definidos-y-presentacion-para-un-nuevo-torneo-comercial","status":"publish","type":"post","link":"https:\/\/cdnoticias.com\/index.php\/2024\/01\/04\/grupos-definidos-y-presentacion-para-un-nuevo-torneo-comercial\/","title":{"rendered":"Grupos definidos y presentaci\u00f3n para un nuevo Torneo Comercial"},"content":{"rendered":"<p>El venidero lunes en el Juan Manolio dar\u00e1 comienzo una nueva edici\u00f3n del Torneo Comercial tradicional de verano organizado por la Subcomisi\u00f3n de B\u00e1squet del Club Pueblo Nuevo y en la previa se realiz\u00f3 el lanzamiento.<!--more--><\/p>\n<hr \/>\n<p>En instalaciones de la Casa del Deporte se realiz\u00f3 el lanzamiento de la competencia tradicional de verano que en esta cuarta edici\u00f3n tendr\u00e1 \u201c14 equipos y m\u00e1s de 300 jugadores\u201d con la presencia de Pablo Berrueta y Santino Frachia en representaci\u00f3n de la organizaci\u00f3n, Agust\u00edn Bianchi como encargado del b\u00e1squet \u201calbiverde\u201d y Enzo Jarrie en representaci\u00f3n de la Municipalidad de Olavarr\u00eda.<\/p>\n<p>&nbsp;<\/p>\n<p>\u201c<em>Le ponemos mucha dedicaci\u00f3n y a\u00f1o a a\u00f1o buscamos mejorarlo, este torneo con tanta gente conlleva una gran responsabilidad tambi\u00e9n<\/em>\u201d fueron las palabras de la dirigencia de la entidad organizadora que desde el lunes a las 20:30 volver\u00e1 a hacer picar la pelota en la Ciudad.<\/p>\n<p>&nbsp;<\/p>\n<p>El Torneo Comercial tendr\u00e1 en primera instancia en dos zonas de siete equipos clasificando los cuatro mejores a Play-Off y sobre la etapa definitoria, afirmaron: \u201c<em>No se va a cobrar entrada porque creemos que va en contra del esp\u00edritu del torneo, pero en instancias decisivas vamos a pedir como colaboraci\u00f3n alimentos no perecederos para ayudar a la comunidad que se est\u00e1 recuperando de terribles temporales<\/em>\u201d.<\/p>\n<p>&nbsp;<\/p>\n<p>Por \u00faltimo, Enzo Jarrie sostuvo: \u201c<em>Nos pusimos a disposici\u00f3n porque entendemos que hay que poner en valor el deporte olavarriense y valorar a la gente que hace por el deporte<\/em>\u201d.<\/p>\n<p>&nbsp;<\/p>\n<p>Los Grupos del Comercial:<br \/>\nGrupo A: Estudiantes Pre Maxiliga; Los Lobos Maxiliga, Sanvi, El Fort\u00edn, Los de Siempre, Udalem y Gimnasio One.<br \/>\nGrupo B: And One, Pueblo Nuevo, Los Poncheros, Afrika, Loma Cef, Ferreter\u00eda V\u00edctor y 12 Volts.<\/p>\n","protected":false},"excerpt":{"rendered":"<p>El venidero lunes en el Juan Manolio dar\u00e1 comienzo una nueva edici\u00f3n del Torneo Comercial tradicional de verano organizado por<\/p>\n","protected":false},"author":96739694,"featured_media":159285,"comment_status":"closed","ping_status":"closed","sticky":false,"template":"","format":"standard","meta":{"_jetpack_memberships_contains_paid_content":false,"footnotes":""},"categories":[31,1,43],"tags":[],"class_list":["post-135432","post","type-post","status-publish","format-standard","has-post-thumbnail","hentry","category-basquet","category-portada","category-primera"],"jetpack_featured_media_url":"https:\/\/i0.wp.com\/cdnoticias.com\/wp-content\/uploads\/2024\/01\/WhatsApp-Image-2024-01-04-at-20.08.54-e1704413476507.jpeg?fit=1600%2C906&ssl=1","jetpack_sharing_enabled":true,"_links":{"self":[{"href":"https:\/\/cdnoticias.com\/index.php\/wp-json\/wp\/v2\/posts\/135432","targetHints":{"allow":["GET"]}}],"collection":[{"href":"https:\/\/cdnoticias.com\/index.php\/wp-json\/wp\/v2\/posts"}],"about":[{"href":"https:\/\/cdnoticias.com\/index.php\/wp-json\/wp\/v2\/types\/post"}],"author":[{"embeddable":true,"href":"https:\/\/cdnoticias.com\/index.php\/wp-json\/wp\/v2\/users\/96739694"}],"replies":[{"embeddable":true,"href":"https:\/\/cdnoticias.com\/index.php\/wp-json\/wp\/v2\/comments?post=135432"}],"version-history":[{"count":0,"href":"https:\/\/cdnoticias.com\/index.php\/wp-json\/wp\/v2\/posts\/135432\/revisions"}],"wp:featuredmedia":[{"embeddable":true,"href":"https:\/\/cdnoticias.com\/index.php\/wp-json\/wp\/v2\/media\/159285"}],"wp:attachment":[{"href":"https:\/\/cdnoticias.com\/index.php\/wp-json\/wp\/v2\/media?parent=135432"}],"wp:term":[{"taxonomy":"category","embeddable":true,"href":"https:\/\/cdnoticias.com\/index.php\/wp-json\/wp\/v2\/categories?post=135432"},{"taxonomy":"post_tag","embeddable":true,"href":"https:\/\/cdnoticias.com\/index.php\/wp-json\/wp\/v2\/tags?post=135432"}],"curies":[{"name":"wp","href":"https:\/\/api.w.org\/{rel}","templated":true}]}}