{"id":135402,"date":"2025-01-13T07:19:13","date_gmt":"2025-01-13T10:19:13","guid":{"rendered":"https:\/\/centraldeportes.com.ar\/?p=58609"},"modified":"2025-01-26T23:57:41","modified_gmt":"2025-01-27T02:57:41","slug":"ferro-sostuvo-la-diferencia-en-el-buglione-y-se-quedo-con-el-pase-a-la-final-del-torneo-regional-amateur-2","status":"publish","type":"post","link":"https:\/\/cdnoticias.com\/index.php\/2025\/01\/13\/ferro-sostuvo-la-diferencia-en-el-buglione-y-se-quedo-con-el-pase-a-la-final-del-torneo-regional-amateur-2\/","title":{"rendered":"Ferro sostuvo la diferencia en el Buglione y se qued\u00f3 con el pase a la final del Torneo Regional Amateur"},"content":{"rendered":"\n<p>Empat\u00f3 0 a 0 ante un Racing que intent\u00f3 pero no pudo. El clima se dio en un marco hist\u00f3rico para el f\u00fatbol olavarriense, con un estadio colmado de hinchas chairas. Ahora, el carbonero ir\u00e1 ante Costa Brava de General Pico.<\/p>\n\n\n\n<hr class=\"wp-block-separator aligncenter has-alpha-channel-opacity\"\/>\n\n\n\n<p>En un repleto estadio Buglione Martinese, <strong>Ferro sostuvo la ventaja obtenida en el partido de ida y se convirti\u00f3 en finalista de la competencia organizada por el Consejo Federal, que otorga ascensos al Torneo Federal A.<\/strong><\/p>\n\n\n\n<p>Fue en un<strong> marco conmovedor de hinchas <\/strong>que recibieron al Chaira con humo y fuegos artificiales, en un ingreso que quedar\u00e1 en el recuerdo de muchos. <strong>Se estima en una asistencia de cerca de 4000 simpatizantes, que fueron testigos de un 0 a 0 por momentos aburrido pero que tuvo varias chances claras de gol y la tensi\u00f3n propia de la instancia que se jugaba.<\/strong><\/p>\n\n\n\n<figure class=\"wp-block-image size-full\"><img data-recalc-dims=\"1\" decoding=\"async\" src=\"https:\/\/i0.wp.com\/centraldeportes.com.ar\/wp-content\/uploads\/2025\/01\/Racing-Ferro-TRA-45.jpg?w=800&#038;ssl=1\" alt=\"\" class=\"wp-image-58610\"\/><\/figure>\n\n\n\n<p>El encuentro comenz\u00f3 con una oportunidad clara para Racing, cuando<strong> antes del primer minuto, un cabezazo de Tarasco se estrell\u00f3 en el palo.<\/strong> All\u00ed, parec\u00eda que el Chaira se lo llevaba por delante, pero desde esa jugada y muy de a poco, el partido se torn\u00f3 parejo y con pocas emociones en el campo de juego. <strong>Racing tuvo otra oportunidad a los 11 minutos, nuevamente con Tarasco, pero el remate se fue por encima del arco.<\/strong><\/p>\n\n\n\n<figure class=\"wp-block-image size-full\"><img data-recalc-dims=\"1\" decoding=\"async\" src=\"https:\/\/i0.wp.com\/centraldeportes.com.ar\/wp-content\/uploads\/2025\/01\/Racing-Ferro-TRA-27.jpg?w=800&#038;ssl=1\" alt=\"\" class=\"wp-image-58612\"\/><\/figure>\n\n\n\n<p>Con el pasar de los minutos, <strong>el equipo dirigido por David Garc\u00eda Lorenzo perdi\u00f3 profundidad en ataque y no logr\u00f3 inquietar a la defensa de Ferro. Sobre el final del primer tiempo, Tucker, quien ingres\u00f3 por el lesionado Ordozgoiti, tuvo una chance que tambi\u00e9n termin\u00f3 por encima del travesa\u00f1o.<\/strong><\/p>\n\n\n\n<figure class=\"wp-block-image size-full\"><img data-recalc-dims=\"1\" decoding=\"async\" src=\"https:\/\/i0.wp.com\/centraldeportes.com.ar\/wp-content\/uploads\/2025\/01\/Racing-Ferro-TRA-02.jpg?w=800&#038;ssl=1\" alt=\"\" class=\"wp-image-58592\"\/><\/figure>\n\n\n\n<p>En la segunda mitad<strong>, Racing domin\u00f3 el bal\u00f3n, pero no logr\u00f3 convertir ese dominio en situaciones de peligro real. <\/strong>Los centros constantes al \u00e1rea fueron despejados sin mayores problemas por la defensa visitante y el arquero Ver\u00f3n, quien se destac\u00f3 con varias intervenciones.<\/p>\n\n\n\n<figure class=\"wp-block-image size-full\"><img data-recalc-dims=\"1\" decoding=\"async\" src=\"https:\/\/i0.wp.com\/centraldeportes.com.ar\/wp-content\/uploads\/2025\/01\/Racing-Ferro-TRA-18.jpg?w=800&#038;ssl=1\" alt=\"\" class=\"wp-image-58608\"\/><\/figure>\n\n\n\n<p>A pesar de jugar con un hombre m\u00e1s por m\u00e1s de treinta minutos debido a la <strong>expulsi\u00f3n de S\u00e1ez Buruaga en Ferro (por una patada de otro partido)<\/strong>, el equipo local no pudo encontrar el gol que necesitaba. <strong>Las modificaciones t\u00e1cticas tampoco surtieron efecto, y la impaciencia comenz\u00f3 a notarse en las filas de Racing.<\/strong><\/p>\n\n\n\n<figure class=\"wp-block-image size-full\"><img data-recalc-dims=\"1\" decoding=\"async\" src=\"https:\/\/i0.wp.com\/centraldeportes.com.ar\/wp-content\/uploads\/2025\/01\/Racing-Ferro-TRA-09.jpg?w=800&#038;ssl=1\" alt=\"\" class=\"wp-image-58599\"\/><\/figure>\n\n\n\n<p>Tanto, que <strong>Josu\u00e9 Ayala sac\u00f3 la pelota del partido tras un error en la defensa de Racing y un remate fuert\u00edsimo que ten\u00eda destino de gol.<\/strong><\/p>\n\n\n\n<p>Por su parte,<strong> Ferro se mostr\u00f3 s\u00f3lido en defensa y no desesper\u00f3, cuidando la m\u00ednima ventaja obtenida en el primer partido.<\/strong> Con Tello cumpliendo un buen papel en defensa tras la expulsi\u00f3n, el equipo dirigido por &#8220;Chompi&#8221; Izquierdo se enfoc\u00f3 en mantener el resultado.<\/p>\n\n\n\n<figure class=\"wp-block-image size-full\"><img data-recalc-dims=\"1\" decoding=\"async\" src=\"https:\/\/i0.wp.com\/centraldeportes.com.ar\/wp-content\/uploads\/2025\/01\/Racing-Ferro-TRA-30.jpg?w=800&#038;ssl=1\" alt=\"\" class=\"wp-image-58613\"\/><\/figure>\n\n\n\n<p>Ya tras varias jugadas al cierre,<strong> Racing era pura impotencia y el pitazo de Macheroni desat\u00f3 la alegr\u00eda del carbonero, que se acerc\u00f3 un paso m\u00e1s al objetivo de ascender al Torneo Federal A. Ser\u00e1 ante Costa Brava de General Pico<\/strong>: este fin de semana el partido de ida ser\u00e1 en el Colasurdo, mientras que la vuelta ser\u00e1 en La Pampa.<\/p>\n\n\n\n<figure class=\"wp-block-image size-full\"><img data-recalc-dims=\"1\" decoding=\"async\" src=\"https:\/\/i0.wp.com\/centraldeportes.com.ar\/wp-content\/uploads\/2025\/01\/Racing-Ferro-TRA-14.jpg?w=800&#038;ssl=1\" alt=\"\" class=\"wp-image-58604\"\/><\/figure>\n\n\n\n<figure class=\"wp-block-image size-full\"><img data-recalc-dims=\"1\" decoding=\"async\" src=\"https:\/\/i0.wp.com\/centraldeportes.com.ar\/wp-content\/uploads\/2025\/01\/Racing-Ferro-TRA-13.jpg?w=800&#038;ssl=1\" alt=\"\" class=\"wp-image-58603\"\/><\/figure>\n\n\n\n<figure class=\"wp-block-image size-full\"><img data-recalc-dims=\"1\" decoding=\"async\" src=\"https:\/\/i0.wp.com\/centraldeportes.com.ar\/wp-content\/uploads\/2025\/01\/Racing-Ferro-TRA-11.jpg?w=800&#038;ssl=1\" alt=\"\" class=\"wp-image-58601\"\/><\/figure>\n\n\n\n<p class=\"has-large-font-size\">S\u00edntesis Racing \u2013 Ferro:<\/p>\n\n\n\n<p>\u00c1rbitro: Maximiliano Macheroni (Rosario)<\/p>\n\n\n\n<p>Estadio: Buglione Martinese<\/p>\n\n\n\n<p>Racing (0): Josu\u00e9 Ayala; Nicol\u00e1s Daffara, Bernardo Junger, Ayrton Palmieri, Leonardo Vitale (M. Pino); Santiago Izaguirre, Alejo Ponzi (F. Kolman), Mat\u00edas Ordozgoiti (F. Tucker); Juan Fern\u00e1ndez, Pablo Mujica; Rub\u00e9n Tarasco. DT- David Garc\u00eda Lorenzo<\/p>\n\n\n\n<p>Ferro (0): Alex Ver\u00f3n; Santiago S\u00e1ez Buruaga, Alan Vester, Mathias Boungiorno, Franco Hammerschmidt (M. Tamagnini); Leonardo V\u00e1zquez, Gast\u00f3n Borda, Leonel Iriarte, Ram\u00f3n S\u00e1nchez (W. Bracamonte); Laureano Tello; Manuel Abent\u00edn (N. Lareu). DT- Jorge Izquierdo<\/p>\n\n\n\n<p>Amonestados: Daffara, Junger, Fern\u00e1ndez (RAC); Hammerschmidt, Iriarte, Abent\u00edn (FCFCS)<\/p>\n\n\n\n<p>Expulsados: Soto -PF- (RAC); S\u00e1ez Buruaga (FCFCS)<\/p>\n\n\n\n<p>Goles: No hubo<\/p>\n\n\n\n<p>Global: 0-1<\/p>\n","protected":false},"excerpt":{"rendered":"<p>Empat\u00f3 0 a 0 ante un Racing que intent\u00f3 pero no pudo. El clima se dio en un marco hist\u00f3rico<\/p>\n","protected":false},"author":96739695,"featured_media":135421,"comment_status":"closed","ping_status":"closed","sticky":false,"template":"","format":"standard","meta":{"_jetpack_memberships_contains_paid_content":false,"footnotes":""},"categories":[54],"tags":[],"class_list":["post-135402","post","type-post","status-publish","format-standard","has-post-thumbnail","hentry","category-torneo-regional-amateur"],"jetpack_featured_media_url":"https:\/\/i0.wp.com\/cdnoticias.com\/wp-content\/uploads\/2025\/01\/Racing-Ferro-TRA-53-1.jpg?fit=1024%2C683&ssl=1","jetpack_sharing_enabled":true,"_links":{"self":[{"href":"https:\/\/cdnoticias.com\/index.php\/wp-json\/wp\/v2\/posts\/135402","targetHints":{"allow":["GET"]}}],"collection":[{"href":"https:\/\/cdnoticias.com\/index.php\/wp-json\/wp\/v2\/posts"}],"about":[{"href":"https:\/\/cdnoticias.com\/index.php\/wp-json\/wp\/v2\/types\/post"}],"author":[{"embeddable":true,"href":"https:\/\/cdnoticias.com\/index.php\/wp-json\/wp\/v2\/users\/96739695"}],"replies":[{"embeddable":true,"href":"https:\/\/cdnoticias.com\/index.php\/wp-json\/wp\/v2\/comments?post=135402"}],"version-history":[{"count":0,"href":"https:\/\/cdnoticias.com\/index.php\/wp-json\/wp\/v2\/posts\/135402\/revisions"}],"wp:featuredmedia":[{"embeddable":true,"href":"https:\/\/cdnoticias.com\/index.php\/wp-json\/wp\/v2\/media\/135421"}],"wp:attachment":[{"href":"https:\/\/cdnoticias.com\/index.php\/wp-json\/wp\/v2\/media?parent=135402"}],"wp:term":[{"taxonomy":"category","embeddable":true,"href":"https:\/\/cdnoticias.com\/index.php\/wp-json\/wp\/v2\/categories?post=135402"},{"taxonomy":"post_tag","embeddable":true,"href":"https:\/\/cdnoticias.com\/index.php\/wp-json\/wp\/v2\/tags?post=135402"}],"curies":[{"name":"wp","href":"https:\/\/api.w.org\/{rel}","templated":true}]}}