{"id":135380,"date":"2025-01-11T13:36:29","date_gmt":"2025-01-11T16:36:29","guid":{"rendered":"https:\/\/centraldeportes.com.ar\/?p=58554"},"modified":"2025-02-14T00:15:48","modified_gmt":"2025-02-14T03:15:48","slug":"di-bello-de-embajadores-a-kimberley-de-mar-del-plata","status":"publish","type":"post","link":"https:\/\/cdnoticias.com\/index.php\/2025\/01\/11\/di-bello-de-embajadores-a-kimberley-de-mar-del-plata\/","title":{"rendered":"Di Bello, de Embajadores a Kimberley de Mar del Plata"},"content":{"rendered":"\n<p>El lateral olavarriense de 27 a\u00f1os ser\u00e1 una de las flamantes incorporaciones del Drag\u00f3n, que se prepara para el Torneo Federal y la Copa Argentina.<\/p>\n\n\n\n<hr class=\"wp-block-separator aligncenter has-alpha-channel-opacity\"\/>\n\n\n\n<!--more-->\n\n\n\n<p>El lateral derecho <strong>olavarriense Bruno Di Bello, de 27 a\u00f1os, se convertir\u00e1 en nuevo jugador de Kimberley<\/strong> de Mar del Plata para el pr\u00f3ximo Torneo Federal de f\u00fatbol. <\/p>\n\n\n\n<p><\/p>\n\n\n\n<p>Tras una <strong>destacada trayectoria en Embajadores de Olavarr\u00eda, donde debut\u00f3 en 2016 y disput\u00f3 193 partidos<\/strong> oficiales, Di Bello se ha consolidado como un marcador de punta con claras proyecciones ofensivas.<\/p>\n\n\n\n<p><\/p>\n\n\n\n<p>El inter\u00e9s de Kimberley por el jugador surgi\u00f3 tras su destacada actuaci\u00f3n en el encuentro de ida del Torneo Regional Amateur 2022\/2023, donde Embajadores enfrent\u00f3 al equipo marplatense en Mar del Plata, dejando una fuerte impresi\u00f3n. <\/p>\n\n\n\n<p><\/p>\n\n\n\n<p>De concretarse su incorporaci\u00f3n,<strong> Di Bello reemplazar\u00e1 a Gast\u00f3n G\u00f3mez,<\/strong> quien recientemente se despidi\u00f3 de Kimberley a trav\u00e9s de las redes sociales.<\/p>\n\n\n\n<figure class=\"wp-block-image size-full\"><img data-recalc-dims=\"1\" decoding=\"async\" src=\"https:\/\/i0.wp.com\/cdnoticias.com\/wp-content\/uploads\/2024\/11\/TRFA-8avos-Ida-CEO-vs-Balonpie-e1732456638124.jpeg?w=800&#038;ssl=1\" alt=\"\" class=\"wp-image-57735\"\/><\/figure>\n\n\n\n<p>El plantel de Kimberley, que ya cuenta con jugadores como Tom\u00e1s Casas, Mateo Rinaldi, Ezequiel Goiburu, y otros, sigue reforz\u00e1ndose para afrontar el Torneo Federal y el esperado cruce contra Newell\u2019s Old Boys de Rosario por los 32avos de Copa Argentina, previsto para la primera semana de abril. <\/p>\n\n\n\n<p><\/p>\n\n\n\n<p>A diferencia de otros equipos del Federal, Kimberley podr\u00e1 enfrentar este compromiso con una preparaci\u00f3n adecuada y en plena competencia, lo que representa una ventaja significativa.<\/p>\n\n\n\n<p><\/p>\n","protected":false},"excerpt":{"rendered":"<p>El lateral olavarriense de 27 a\u00f1os ser\u00e1 una de las flamantes incorporaciones del Drag\u00f3n, que se prepara para el Torneo<\/p>\n","protected":false},"author":2,"featured_media":135406,"comment_status":"closed","ping_status":"closed","sticky":false,"template":"","format":"standard","meta":{"_jetpack_memberships_contains_paid_content":false,"footnotes":""},"categories":[37,1],"tags":[],"class_list":["post-135380","post","type-post","status-publish","format-standard","has-post-thumbnail","hentry","category-futbol-profesional","category-portada"],"jetpack_featured_media_url":"https:\/\/i0.wp.com\/cdnoticias.com\/wp-content\/uploads\/2024\/12\/TRFA-Cuartos-Ida-CEO-vs-Racing1.jpeg?fit=1000%2C666&ssl=1","jetpack_sharing_enabled":true,"_links":{"self":[{"href":"https:\/\/cdnoticias.com\/index.php\/wp-json\/wp\/v2\/posts\/135380","targetHints":{"allow":["GET"]}}],"collection":[{"href":"https:\/\/cdnoticias.com\/index.php\/wp-json\/wp\/v2\/posts"}],"about":[{"href":"https:\/\/cdnoticias.com\/index.php\/wp-json\/wp\/v2\/types\/post"}],"author":[{"embeddable":true,"href":"https:\/\/cdnoticias.com\/index.php\/wp-json\/wp\/v2\/users\/2"}],"replies":[{"embeddable":true,"href":"https:\/\/cdnoticias.com\/index.php\/wp-json\/wp\/v2\/comments?post=135380"}],"version-history":[{"count":0,"href":"https:\/\/cdnoticias.com\/index.php\/wp-json\/wp\/v2\/posts\/135380\/revisions"}],"wp:featuredmedia":[{"embeddable":true,"href":"https:\/\/cdnoticias.com\/index.php\/wp-json\/wp\/v2\/media\/135406"}],"wp:attachment":[{"href":"https:\/\/cdnoticias.com\/index.php\/wp-json\/wp\/v2\/media?parent=135380"}],"wp:term":[{"taxonomy":"category","embeddable":true,"href":"https:\/\/cdnoticias.com\/index.php\/wp-json\/wp\/v2\/categories?post=135380"},{"taxonomy":"post_tag","embeddable":true,"href":"https:\/\/cdnoticias.com\/index.php\/wp-json\/wp\/v2\/tags?post=135380"}],"curies":[{"name":"wp","href":"https:\/\/api.w.org\/{rel}","templated":true}]}}