{"id":135374,"date":"2025-01-09T12:50:39","date_gmt":"2025-01-09T15:50:39","guid":{"rendered":"https:\/\/centraldeportes.com.ar\/?p=58526"},"modified":"2025-01-09T12:50:39","modified_gmt":"2025-01-09T15:50:39","slug":"un-equipo-seria-expulsado-de-un-torneo-de-colonias-y-cerros-por-una-violenta-agresion-2","status":"publish","type":"post","link":"https:\/\/cdnoticias.com\/index.php\/2025\/01\/09\/un-equipo-seria-expulsado-de-un-torneo-de-colonias-y-cerros-por-una-violenta-agresion-2\/","title":{"rendered":"Un equipo ser\u00eda expulsado de un torneo de Colonias y Cerros por una violenta agresi\u00f3n"},"content":{"rendered":"<p>Se trata del equipo Cerrito. Uno de sus jugadores agredi\u00f3 con una trompada a un rival de Club de Amigos y le fractur\u00f3 la mand\u00edbula. \u201cHay tomar medidas ejemplificadoras ante lo sucedido\u201d explicaron desde la organizaci\u00f3n. <!--more--><\/p>\n<hr \/>\n<p>Este jueves se conoci\u00f3 un video \u2013viralizado en redes sociales y al que tuvo acceso Central de Deportes- de una <strong>violent\u00edsima agresi\u00f3n de un jugador a otro en el Torneo Nocturno de Colonias y Cerros, m\u00e1s precisamente la categor\u00eda +35. Por ello, el agredido termin\u00f3 con fractura de mand\u00edbula y la organizaci\u00f3n expulsar\u00eda al equipo Cerrito del torneo.<\/strong><\/p>\n<p>&nbsp;<\/p>\n<p>Seg\u00fan se logr\u00f3 saber, la agresi\u00f3n se dio en el marco del partido entre Cerrito vs Club de Amigos.<strong> En una jugada dividida, uno de los jugadores de Cerrito le peg\u00f3 una trompada a un rival de Club de Amigos y lo dej\u00f3 tendido en el suelo.<\/strong><\/p>\n<p>&nbsp;<\/p>\n<blockquote class=\"instagram-media\" style=\"background: #FFF; border: 0; border-radius: 3px; box-shadow: 0 0 1px 0 rgba(0,0,0,0.5),0 1px 10px 0 rgba(0,0,0,0.15); margin: 1px; max-width: 540px; min-width: 326px; padding: 0; width: calc(100% - 2px);\" data-instgrm-captioned=\"\" data-instgrm-permalink=\"https:\/\/www.instagram.com\/reel\/DEm1gFHRq2n\/?utm_source=ig_embed&amp;utm_campaign=loading\" data-instgrm-version=\"14\">\n<div style=\"padding: 16px;\">\n<p>&nbsp;<\/p>\n<div style=\"display: flex; flex-direction: row; align-items: center;\">\n<div style=\"background-color: #f4f4f4; border-radius: 50%; flex-grow: 0; height: 40px; margin-right: 14px; width: 40px;\"><\/div>\n<div style=\"display: flex; flex-direction: column; flex-grow: 1; justify-content: center;\">\n<div style=\"background-color: #f4f4f4; border-radius: 4px; flex-grow: 0; height: 14px; margin-bottom: 6px; width: 100px;\"><\/div>\n<div style=\"background-color: #f4f4f4; border-radius: 4px; flex-grow: 0; height: 14px; width: 60px;\"><\/div>\n<\/div>\n<\/div>\n<div style=\"padding: 19% 0;\"><\/div>\n<div style=\"display: block; height: 50px; margin: 0 auto 12px; width: 50px;\"><\/div>\n<div style=\"padding-top: 8px;\">\n<div style=\"color: #3897f0; font-family: Arial,sans-serif; font-size: 14px; font-style: normal; font-weight: 550; line-height: 18px;\">Ver esta publicaci\u00f3n en Instagram<\/div>\n<\/div>\n<div style=\"padding: 12.5% 0;\"><\/div>\n<div style=\"display: flex; flex-direction: row; margin-bottom: 14px; align-items: center;\">\n<div>\n<div style=\"background-color: #f4f4f4; border-radius: 50%; height: 12.5px; width: 12.5px; transform: translateX(0px) translateY(7px);\"><\/div>\n<div style=\"background-color: #f4f4f4; height: 12.5px; transform: rotate(-45deg) translateX(3px) translateY(1px); width: 12.5px; flex-grow: 0; margin-right: 14px; margin-left: 2px;\"><\/div>\n<div style=\"background-color: #f4f4f4; border-radius: 50%; height: 12.5px; width: 12.5px; transform: translateX(9px) translateY(-18px);\"><\/div>\n<\/div>\n<div style=\"margin-left: 8px;\">\n<div style=\"background-color: #f4f4f4; border-radius: 50%; flex-grow: 0; height: 20px; width: 20px;\"><\/div>\n<div style=\"width: 0; height: 0; border-top: 2px solid transparent; border-left: 6px solid #f4f4f4; border-bottom: 2px solid transparent; transform: translateX(16px) translateY(-4px) rotate(30deg);\"><\/div>\n<\/div>\n<div style=\"margin-left: auto;\">\n<div style=\"width: 0px; border-top: 8px solid #F4F4F4; border-right: 8px solid transparent; transform: translateY(16px);\"><\/div>\n<div style=\"background-color: #f4f4f4; flex-grow: 0; height: 12px; width: 16px; transform: translateY(-4px);\"><\/div>\n<div style=\"width: 0; height: 0; border-top: 8px solid #F4F4F4; border-left: 8px solid transparent; transform: translateY(-4px) translateX(8px);\"><\/div>\n<\/div>\n<\/div>\n<div style=\"display: flex; flex-direction: column; flex-grow: 1; justify-content: center; margin-bottom: 24px;\">\n<div style=\"background-color: #f4f4f4; border-radius: 4px; flex-grow: 0; height: 14px; margin-bottom: 6px; width: 224px;\"><\/div>\n<div style=\"background-color: #f4f4f4; border-radius: 4px; flex-grow: 0; height: 14px; width: 144px;\"><\/div>\n<\/div>\n<p>&nbsp;<\/p>\n<p style=\"color: #c9c8cd; font-family: Arial,sans-serif; font-size: 14px; line-height: 17px; margin-bottom: 0; margin-top: 8px; overflow: hidden; padding: 8px 0 7px; text-align: center; text-overflow: ellipsis; white-space: nowrap;\"><a style=\"color: #c9c8cd; font-family: Arial,sans-serif; font-size: 14px; font-style: normal; font-weight: normal; line-height: 17px; text-decoration: none;\" href=\"https:\/\/www.instagram.com\/reel\/DEm1gFHRq2n\/?utm_source=ig_embed&amp;utm_campaign=loading\" target=\"_blank\" rel=\"noopener\">Una publicaci\u00f3n compartida de Central de Deportes Olavarr\u00eda (@centraldeportesolav)<\/a><\/p>\n<\/div>\n<\/blockquote>\n<p><script async src=\"\/\/www.instagram.com\/embed.js\"><\/script><\/p>\n<p>&nbsp;<\/p>\n<p>Tras la violencia del impacto y ver el nivel de gravedad de la agresi\u00f3n,<strong> el jugador herido fue trasladado a un centro de salud donde confirmaron que tuvo fractura de mand\u00edbula con desplazamiento. Ser\u00eda operado en estas horas.<\/strong><\/p>\n<p>&nbsp;<\/p>\n<h2>\u201cRepudiamos estas conductas antideportivas y marginales\u201d<\/h2>\n<p>&nbsp;<\/p>\n<p>Desde la organizaci\u00f3n<strong>, tras dar a conocer m\u00e1s im\u00e1genes de la agresi\u00f3n, repudiaron el hecho y se\u00f1alaron que el equipo Cerrito ser\u00eda expulsado del Torneo Nocturno.<\/strong><\/p>\n<p>&nbsp;<\/p>\n<p><em>\u201cEn un lamentable hecho de violencia desde la organizaci\u00f3n de Colonias y Cerros repudiamos estas conductas antideportivas y marginales\u201d<\/em> indicaron y agregaron:<strong><em> \u201cno permitiremos que personas o equipos manchen nuestra trayectoria por no entender el esp\u00edritu que pregonamos desde hace 10 temporadas\u201d.<\/em><\/strong><\/p>\n<p>&nbsp;<\/p>\n<blockquote><p>\u201cEn todos lados pasan cosas y no hay que ocultarlas, sino tomar medidas ejemplificadoras ante lo sucedido\u201d. All\u00ed, indicaron que el equipo ser\u00eda expulsado.<\/p><\/blockquote>\n<p>&nbsp;<\/p>\n<p><em>\u201cSeguiremos trabajando en pos de mejorar la categor\u00eda 35 y nos ponemos a disposici\u00f3n del jugador y el equipo agredido\u201d<\/em> y cerraron al pedir<em><strong> \u201cun f\u00fatbol sin violencia, por un deporte sano, afuera los inadaptados\u201d.<\/strong><\/em><\/p>\n","protected":false},"excerpt":{"rendered":"<p>Se trata del equipo Cerrito. Uno de sus jugadores agredi\u00f3 con una trompada a un rival de Club de Amigos<\/p>\n","protected":false},"author":96739695,"featured_media":135396,"comment_status":"closed","ping_status":"closed","sticky":false,"template":"","format":"standard","meta":{"_jetpack_memberships_contains_paid_content":false,"footnotes":""},"categories":[45,35,1],"tags":[],"class_list":["post-135374","post","type-post","status-publish","format-standard","has-post-thumbnail","hentry","category-colonias-y-cerros","category-futbol","category-portada"],"jetpack_featured_media_url":"https:\/\/i0.wp.com\/cdnoticias.com\/wp-content\/uploads\/2025\/01\/agresion-cyc-1.jpg?fit=785%2C415&ssl=1","jetpack_sharing_enabled":true,"_links":{"self":[{"href":"https:\/\/cdnoticias.com\/index.php\/wp-json\/wp\/v2\/posts\/135374","targetHints":{"allow":["GET"]}}],"collection":[{"href":"https:\/\/cdnoticias.com\/index.php\/wp-json\/wp\/v2\/posts"}],"about":[{"href":"https:\/\/cdnoticias.com\/index.php\/wp-json\/wp\/v2\/types\/post"}],"author":[{"embeddable":true,"href":"https:\/\/cdnoticias.com\/index.php\/wp-json\/wp\/v2\/users\/96739695"}],"replies":[{"embeddable":true,"href":"https:\/\/cdnoticias.com\/index.php\/wp-json\/wp\/v2\/comments?post=135374"}],"version-history":[{"count":0,"href":"https:\/\/cdnoticias.com\/index.php\/wp-json\/wp\/v2\/posts\/135374\/revisions"}],"wp:featuredmedia":[{"embeddable":true,"href":"https:\/\/cdnoticias.com\/index.php\/wp-json\/wp\/v2\/media\/135396"}],"wp:attachment":[{"href":"https:\/\/cdnoticias.com\/index.php\/wp-json\/wp\/v2\/media?parent=135374"}],"wp:term":[{"taxonomy":"category","embeddable":true,"href":"https:\/\/cdnoticias.com\/index.php\/wp-json\/wp\/v2\/categories?post=135374"},{"taxonomy":"post_tag","embeddable":true,"href":"https:\/\/cdnoticias.com\/index.php\/wp-json\/wp\/v2\/tags?post=135374"}],"curies":[{"name":"wp","href":"https:\/\/api.w.org\/{rel}","templated":true}]}}