{"id":135372,"date":"2025-01-08T17:26:33","date_gmt":"2025-01-08T20:26:33","guid":{"rendered":"https:\/\/centraldeportes.com.ar\/?p=58519"},"modified":"2025-02-14T00:15:59","modified_gmt":"2025-02-14T03:15:59","slug":"ale-diez-volvio-a-jugar-para-ferro-en-liga-nacional-con-13-puntos-y-victoria","status":"publish","type":"post","link":"https:\/\/cdnoticias.com\/index.php\/2025\/01\/08\/ale-diez-volvio-a-jugar-para-ferro-en-liga-nacional-con-13-puntos-y-victoria\/","title":{"rendered":"Ale Diez volvi\u00f3 a jugar para Ferro en Liga Nacional, con 13 puntos y victoria"},"content":{"rendered":"<p>Fue en el reinicio de la Liga tras el periodo de fiestas y fin de a\u00f1o. Triunf\u00f3 88 a 81 ante Ober\u00e1 TC. <!--more--><\/p>\n<hr \/>\n<p>Tras el receso por las fiestas de fin de a\u00f1o, <strong>la Liga Nacional de B\u00e1squet retom\u00f3 su actividad este martes con una victoria de Ferro Carril Oeste, que cont\u00f3 con la destacada participaci\u00f3n del olavarriense Alejandro Diez.<\/strong><\/p>\n<blockquote><p>El &#8220;Verdolaga&#8221; inici\u00f3 el 2025 con un triunfo clave al vencer 88 a 81 a Ober\u00e1 Tenis Club (OTC), l\u00edder del torneo.<\/p><\/blockquote>\n<p>El encuentro fue parejo y entretenido en los primeros veinte minutos. <strong>Ferro mostr\u00f3 solidez ofensiva y un bloque defensivo efectivo en el primer cuarto, aunque OTC reaccion\u00f3 en el segundo, aprovechando su juego interior para equilibrar las acciones.<\/strong><\/p>\n<p>En la segunda mitad, el marcador se mantuvo ajustado hasta los \u00faltimos instantes. <strong>Con un cierre m\u00e1s firme en defensa, Ferro logr\u00f3 imponerse y asegurar el triunfo.<\/strong><\/p>\n<blockquote class=\"twitter-tweet\">\n<p dir=\"ltr\" lang=\"es\">\u203c\ufe0f GANOOOOOO FERROOOOOO \u203c\ufe0f<a href=\"https:\/\/twitter.com\/hashtag\/FERRO?src=hash&amp;ref_src=twsrc%5Etfw\">#FERRO<\/a> 88 &#8211; 81 <a href=\"https:\/\/twitter.com\/OberaTenisClub?ref_src=twsrc%5Etfw\">@OberaTenisClub<\/a><\/p>\n<p>\ud83d\udd1c Pr\u00f3ximo partido \ud83c\udd9a <a href=\"https:\/\/twitter.com\/GyECR?ref_src=twsrc%5Etfw\">@GyECR<\/a><\/p>\n<p>\ud83d\udcaa\ud83c\udffc \u00a1A seguir por este camino, Oeste!<a href=\"https:\/\/twitter.com\/hashtag\/Viv%C3%ADFerro?src=hash&amp;ref_src=twsrc%5Etfw\">#Viv\u00edFerro<\/a>\ud83d\udc9a <a href=\"https:\/\/t.co\/APH5Rpb6Xv\">pic.twitter.com\/APH5Rpb6Xv<\/a><\/p>\n<p>\u2014 Ferro Carril Oeste Basquet (@ferrobasquetok) <a href=\"https:\/\/twitter.com\/ferrobasquetok\/status\/1876832651874603139?ref_src=twsrc%5Etfw\">January 8, 2025<\/a><\/p><\/blockquote>\n<p><script async src=\"https:\/\/platform.twitter.com\/widgets.js\" charset=\"utf-8\"><\/script><\/p>\n<p><strong>Alejandro Diez fue pieza clave para el conjunto de Caballito, aportando 13 puntos, 5 rebotes y 1 asistencia en 27 minutos y 12 segundos en cancha<\/strong>, contribuyendo de manera significativa al \u00e9xito del equipo.<\/p>\n","protected":false},"excerpt":{"rendered":"<p>Fue en el reinicio de la Liga tras el periodo de fiestas y fin de a\u00f1o. Triunf\u00f3 88 a 81<\/p>\n","protected":false},"author":96739694,"featured_media":135394,"comment_status":"closed","ping_status":"closed","sticky":false,"template":"","format":"standard","meta":{"_jetpack_memberships_contains_paid_content":false,"footnotes":""},"categories":[36,1],"tags":[],"class_list":["post-135372","post","type-post","status-publish","format-standard","has-post-thumbnail","hentry","category-liga-nacional","category-portada"],"jetpack_featured_media_url":"https:\/\/i0.wp.com\/cdnoticias.com\/wp-content\/uploads\/2025\/01\/Liga-Nacional-2024_25-Ferro-v-Obera-TC.jpg?fit=938%2C625&ssl=1","jetpack_sharing_enabled":true,"_links":{"self":[{"href":"https:\/\/cdnoticias.com\/index.php\/wp-json\/wp\/v2\/posts\/135372","targetHints":{"allow":["GET"]}}],"collection":[{"href":"https:\/\/cdnoticias.com\/index.php\/wp-json\/wp\/v2\/posts"}],"about":[{"href":"https:\/\/cdnoticias.com\/index.php\/wp-json\/wp\/v2\/types\/post"}],"author":[{"embeddable":true,"href":"https:\/\/cdnoticias.com\/index.php\/wp-json\/wp\/v2\/users\/96739694"}],"replies":[{"embeddable":true,"href":"https:\/\/cdnoticias.com\/index.php\/wp-json\/wp\/v2\/comments?post=135372"}],"version-history":[{"count":0,"href":"https:\/\/cdnoticias.com\/index.php\/wp-json\/wp\/v2\/posts\/135372\/revisions"}],"wp:featuredmedia":[{"embeddable":true,"href":"https:\/\/cdnoticias.com\/index.php\/wp-json\/wp\/v2\/media\/135394"}],"wp:attachment":[{"href":"https:\/\/cdnoticias.com\/index.php\/wp-json\/wp\/v2\/media?parent=135372"}],"wp:term":[{"taxonomy":"category","embeddable":true,"href":"https:\/\/cdnoticias.com\/index.php\/wp-json\/wp\/v2\/categories?post=135372"},{"taxonomy":"post_tag","embeddable":true,"href":"https:\/\/cdnoticias.com\/index.php\/wp-json\/wp\/v2\/tags?post=135372"}],"curies":[{"name":"wp","href":"https:\/\/api.w.org\/{rel}","templated":true}]}}