{"id":135348,"date":"2021-07-27T19:36:20","date_gmt":"2021-07-27T22:36:20","guid":{"rendered":"http:\/\/centraldeportes.com.ar\/?p=2652"},"modified":"2025-01-27T23:58:21","modified_gmt":"2025-01-28T02:58:21","slug":"el-torneo-de-invierno-de-el-fortin-jugo-otra-fecha","status":"publish","type":"post","link":"https:\/\/cdnoticias.com\/index.php\/2021\/07\/27\/el-torneo-de-invierno-de-el-fortin-jugo-otra-fecha\/","title":{"rendered":"El \u201cTorneo de Invierno\u201d de El Fort\u00edn jug\u00f3 otra fecha"},"content":{"rendered":"<p>Este martes se jug\u00f3 la segunda fecha de la competencia de invierno organizada por El Fort\u00edn en el campo auxiliar.<\/p>\n<p><!--more--><\/p>\n<hr \/>\n<p>La competencia tradicional de invierno para el f\u00fatbol infantil de El Fort\u00edn tuvo actividad a pesar de las bajas temperaturas y por la Zona A registr\u00f3 triunfos de El Fort\u00edn Azul por 5 a 0 a Embajadores, y Estudiantes Negro por 1 a 0 contra Ferro.<\/p>\n<p>&nbsp;<\/p>\n<p><img data-recalc-dims=\"1\" loading=\"lazy\" decoding=\"async\" class=\"aligncenter size-full wp-image-2654\" src=\"https:\/\/i0.wp.com\/centraldeportes.com.ar\/wp-content\/uploads\/2021\/07\/mundialito-5.png?resize=800%2C533\" alt=\"\" width=\"800\" height=\"533\" \/><\/p>\n<p>&nbsp;<\/p>\n<p>Por el lado de la Zona B, Hinojo venci\u00f3 a Racing Blanco por 1 a 0, y El Fort\u00edn Blanco empat\u00f3 con Loma Negra 2 a 2.<\/p>\n<p>&nbsp;<\/p>\n<p>La actividad que tiene a los dos equipos locales como l\u00edderes de las respectivas zonas continuar\u00e1 el venidero mi\u00e9rcoles y el viernes, en el Ricardo S\u00e1nchez, se jugar\u00e1n las finales.<\/p>\n<p>&nbsp;<\/p>\n<p><img data-recalc-dims=\"1\" loading=\"lazy\" decoding=\"async\" class=\"aligncenter size-full wp-image-2655\" src=\"https:\/\/i0.wp.com\/centraldeportes.com.ar\/wp-content\/uploads\/2021\/07\/mundialito-6.png?resize=800%2C533\" alt=\"\" width=\"800\" height=\"533\" \/><\/p>\n","protected":false},"excerpt":{"rendered":"<p>Este martes se jug\u00f3 la segunda fecha de la competencia de invierno organizada por El Fort\u00edn en el campo auxiliar.<\/p>\n","protected":false},"author":96739694,"featured_media":142965,"comment_status":"closed","ping_status":"closed","sticky":false,"template":"","format":"standard","meta":{"_jetpack_memberships_contains_paid_content":false,"footnotes":""},"categories":[35,40,1],"tags":[],"class_list":["post-135348","post","type-post","status-publish","format-standard","has-post-thumbnail","hentry","category-futbol","category-inferiores","category-portada"],"jetpack_featured_media_url":"https:\/\/i0.wp.com\/cdnoticias.com\/wp-content\/uploads\/2021\/07\/portadamundialito2.png?fit=800%2C445&ssl=1","jetpack_sharing_enabled":true,"_links":{"self":[{"href":"https:\/\/cdnoticias.com\/index.php\/wp-json\/wp\/v2\/posts\/135348","targetHints":{"allow":["GET"]}}],"collection":[{"href":"https:\/\/cdnoticias.com\/index.php\/wp-json\/wp\/v2\/posts"}],"about":[{"href":"https:\/\/cdnoticias.com\/index.php\/wp-json\/wp\/v2\/types\/post"}],"author":[{"embeddable":true,"href":"https:\/\/cdnoticias.com\/index.php\/wp-json\/wp\/v2\/users\/96739694"}],"replies":[{"embeddable":true,"href":"https:\/\/cdnoticias.com\/index.php\/wp-json\/wp\/v2\/comments?post=135348"}],"version-history":[{"count":0,"href":"https:\/\/cdnoticias.com\/index.php\/wp-json\/wp\/v2\/posts\/135348\/revisions"}],"wp:featuredmedia":[{"embeddable":true,"href":"https:\/\/cdnoticias.com\/index.php\/wp-json\/wp\/v2\/media\/142965"}],"wp:attachment":[{"href":"https:\/\/cdnoticias.com\/index.php\/wp-json\/wp\/v2\/media?parent=135348"}],"wp:term":[{"taxonomy":"category","embeddable":true,"href":"https:\/\/cdnoticias.com\/index.php\/wp-json\/wp\/v2\/categories?post=135348"},{"taxonomy":"post_tag","embeddable":true,"href":"https:\/\/cdnoticias.com\/index.php\/wp-json\/wp\/v2\/tags?post=135348"}],"curies":[{"name":"wp","href":"https:\/\/api.w.org\/{rel}","templated":true}]}}