{"id":135347,"date":"2021-07-27T19:01:06","date_gmt":"2021-07-27T22:01:06","guid":{"rendered":"http:\/\/centraldeportes.com.ar\/?p=2645"},"modified":"2025-01-27T23:58:35","modified_gmt":"2025-01-28T02:58:35","slug":"apo-se-completo-una-nueva-fecha-del-circuito-de-padel","status":"publish","type":"post","link":"https:\/\/cdnoticias.com\/index.php\/2021\/07\/27\/apo-se-completo-una-nueva-fecha-del-circuito-de-padel\/","title":{"rendered":"APO: Se complet\u00f3 una nueva fecha del Circuito de P\u00e1del"},"content":{"rendered":"<p>La Agrupaci\u00f3n de P\u00e1del Olavarriense completo el fin de semana pasado una nueva fecha del Circuito de P\u00e1del donde participaron <strong>siete de sus categor\u00edas<\/strong>.<\/p>\n<p><!--more--><\/p>\n<hr \/>\n<p><strong>Macarena Schwindt y Anabela Etchechurri<\/strong> <strong>superaron<\/strong> a Cristina G\u00f3mez y Ana Appelhans con un resultado de<strong> 7\/6 y 6\/2<\/strong>. <strong>Se consagraron<\/strong> <strong>en S\u00e9ptima B Damas<\/strong> tras dejar en el camino en la etapa previa a Cabri\/Bataglia.<\/p>\n<p>&nbsp;<\/p>\n<p><strong>Josefina Junqueira y Pierina Pifano<\/strong> <strong>se aseguraron el campeonato<\/strong>\u00a0<strong>en Sexta<\/strong> tras superar en sets corridos a la dupla compuesta por Julieta Beorlegui y Andrea Garc\u00eda con un score de <strong>6\/2 y 6\/4<\/strong>. Las chicas de Tandil hab\u00edan derrotado previamente a las hermanas Esnal, mientras que las subcampeonas hicieron lo propio con la pareja Santiago\/Saavedra.<\/p>\n<p>&nbsp;<\/p>\n<p><img data-recalc-dims=\"1\" loading=\"lazy\" decoding=\"async\" class=\"aligncenter size-full wp-image-2647\" src=\"https:\/\/i0.wp.com\/centraldeportes.com.ar\/wp-content\/uploads\/2021\/07\/apo.png?resize=800%2C593\" alt=\"\" width=\"800\" height=\"593\" \/><\/p>\n<p>&nbsp;<\/p>\n<p><strong>Sexta Caballeros qued\u00f3 en manos de Iv\u00e1n Aguirre e Ignacio Iturralde<\/strong> tras superar en la final, al binomio compuesto por Maximiliano Su\u00e1rez y Fernando Del Valle por un resultado de<strong> 6\/2 y 6\/1<\/strong>. Los campeones hab\u00edan dejado en el camino previamente a Bickart\/Santillan, mientras que los subcampeones hicieron lo mismo con Cepeda\/Lizazu.<\/p>\n<p>&nbsp;<\/p>\n<p><strong>En S\u00e9ptima B Caballeros, Juan y Emanuel Gely salieron campeones<\/strong> tras vencer a Luis Fr\u00edas y Gabriel Abicienta en un partido muy peleado que <strong>termin\u00f3 2\/6, 6\/4 y 7\/6<\/strong>. Los ganadores dejaron en el camino a Mart\u00ednez\/Zerd\u00e1 en semifinales, mientras que los segundos hicieron lo mismo con el d\u00fao Sainz.<\/p>\n<p>&nbsp;<\/p>\n<p><img data-recalc-dims=\"1\" loading=\"lazy\" decoding=\"async\" class=\"aligncenter size-full wp-image-2648\" src=\"https:\/\/i0.wp.com\/centraldeportes.com.ar\/wp-content\/uploads\/2021\/07\/apo-2.png?resize=800%2C573\" alt=\"\" width=\"800\" height=\"573\" \/><\/p>\n<p>&nbsp;<\/p>\n<p><strong>En Cuarta Junior, los m\u00e1ximos vencedores fueron Jos\u00e9 Luis G\u00f3mez y Miguel Boado.<\/strong> Los campeones que jugaron a un gran nivel <strong>derrotaron en la final<\/strong> a Guido Inchausty y Marti\u00edn Benedetto por <strong>6\/1 y 6\/2<\/strong>. G\u00f3mez\/Boado hab\u00edan dejado en el camino a Tomas\/Cabello, mientras que los subcampeones hicieron lo propio con Eivers\/Alaniz.<\/p>\n<p>&nbsp;<\/p>\n<p><strong>Tom\u00e1s Alaimo y Luca Cortese se consagraron en la categor\u00eda Libres Caballeros<\/strong> tras superar en sets corridos por <strong>6\/1 y 7\/6<\/strong> a la dupla de Bol\u00edvar compuesta por &#8220;Pato&#8221; Tirso y Ale Asperue. Los campeones hab\u00edan dejado en &#8220;semis&#8221; a Silveri\/Gamondi mientras que Tirso\/Asperue hab\u00edan vencido a Martin\/Ciolli.<\/p>\n<p>&nbsp;<\/p>\n<p>La pareja compuesta por <strong>Mateo<\/strong>\u00a0<strong>Maneiro y Alejo Acosta, super\u00f3<\/strong> en sets corridos a Alberto Haag y Juan Krotter <strong>por un resultado final de 6\/0 y 6\/4<\/strong> para gritar c<strong>ampe\u00f3n en Cuarta Libre Caballeros<\/strong>. Los vencedores dejaron en el camino previamente a Serantes\/Castillo mientras que los subcampeones dejaron atr\u00e1s al binomio de Vena\/Correa.<\/p>\n","protected":false},"excerpt":{"rendered":"<p>La Agrupaci\u00f3n de P\u00e1del Olavarriense completo el fin de semana pasado una nueva fecha del Circuito de P\u00e1del donde participaron<\/p>\n","protected":false},"author":96739694,"featured_media":142969,"comment_status":"closed","ping_status":"closed","sticky":false,"template":"","format":"standard","meta":{"_jetpack_memberships_contains_paid_content":false,"footnotes":""},"categories":[30,1],"tags":[],"class_list":["post-135347","post","type-post","status-publish","format-standard","has-post-thumbnail","hentry","category-polideportivo","category-portada"],"jetpack_featured_media_url":"https:\/\/i0.wp.com\/cdnoticias.com\/wp-content\/uploads\/2021\/07\/portadaapo2.png?fit=800%2C445&ssl=1","jetpack_sharing_enabled":true,"_links":{"self":[{"href":"https:\/\/cdnoticias.com\/index.php\/wp-json\/wp\/v2\/posts\/135347","targetHints":{"allow":["GET"]}}],"collection":[{"href":"https:\/\/cdnoticias.com\/index.php\/wp-json\/wp\/v2\/posts"}],"about":[{"href":"https:\/\/cdnoticias.com\/index.php\/wp-json\/wp\/v2\/types\/post"}],"author":[{"embeddable":true,"href":"https:\/\/cdnoticias.com\/index.php\/wp-json\/wp\/v2\/users\/96739694"}],"replies":[{"embeddable":true,"href":"https:\/\/cdnoticias.com\/index.php\/wp-json\/wp\/v2\/comments?post=135347"}],"version-history":[{"count":0,"href":"https:\/\/cdnoticias.com\/index.php\/wp-json\/wp\/v2\/posts\/135347\/revisions"}],"wp:featuredmedia":[{"embeddable":true,"href":"https:\/\/cdnoticias.com\/index.php\/wp-json\/wp\/v2\/media\/142969"}],"wp:attachment":[{"href":"https:\/\/cdnoticias.com\/index.php\/wp-json\/wp\/v2\/media?parent=135347"}],"wp:term":[{"taxonomy":"category","embeddable":true,"href":"https:\/\/cdnoticias.com\/index.php\/wp-json\/wp\/v2\/categories?post=135347"},{"taxonomy":"post_tag","embeddable":true,"href":"https:\/\/cdnoticias.com\/index.php\/wp-json\/wp\/v2\/tags?post=135347"}],"curies":[{"name":"wp","href":"https:\/\/api.w.org\/{rel}","templated":true}]}}